{"id":196614,"date":"2022-03-23T23:21:46","date_gmt":"2022-03-24T02:21:46","guid":{"rendered":"https:\/\/diarioregionaldigital.com.br\/?p=196614"},"modified":"2022-03-23T23:21:46","modified_gmt":"2022-03-24T02:21:46","slug":"intencao-de-consumo-das-familias-cresce-pelo-terceiro-mes-diz-cnc","status":"publish","type":"post","link":"https:\/\/diarioregionaldigital.com.br\/?p=196614","title":{"rendered":"Inten\u00e7\u00e3o de consumo das fam\u00edlias cresce pelo terceiro m\u00eas, diz CNC"},"content":{"rendered":"<p>A Inten\u00e7\u00e3o de Consumo das Fam\u00edlias (ICF) cresceu 1,8% na passagem<span id=\"OBJ_PREFIX_DWT265_com_zimbra_date\" role=\"link\">\u00a0de fevereiro<\/span>\u00a0para mar\u00e7o deste ano. \u00c9 a terceira alta consecutiva do indicador\u00a0medido pela Confedera\u00e7\u00e3o Nacional do Com\u00e9rcio de Bens, Servi\u00e7os e Turismo (CNC) e divulgado\u00a0<span id=\"OBJ_PREFIX_DWT261_com_zimbra_date\" role=\"link\"><span id=\"OBJ_PREFIX_DWT266_com_zimbra_date\" role=\"link\">hoje<\/span><\/span>\u00a0(23). Com o resultado, a ICF chegou a 78,1 pontos.<img decoding=\"async\" src=\"https:\/\/agenciabrasil.ebc.com.br\/ebc.png?id=1450078&amp;o=node\" \/><img decoding=\"async\" src=\"https:\/\/agenciabrasil.ebc.com.br\/ebc.gif?id=1450078&amp;o=node\" \/><\/p>\n<p>A alta<span id=\"OBJ_PREFIX_DWT262_com_zimbra_date\" role=\"link\">\u00a0de fevereiro<\/span>\u00a0para mar\u00e7o foi puxada por seis dos sete componentes da ICF. As maiores taxas de crescimentos foram observadas nas avalia\u00e7\u00f5es sobre a renda atual (3,2%), perspectiva profissional (2,8%) e emprego atual (2,6%).<\/p>\n<p>Tamb\u00e9m tiveram altas o n\u00edvel de consumo atual (1,7%), o acesso ao cr\u00e9dito (1%) e o momento para a compra de bens dur\u00e1veis (0,8%). O \u00fanico componente em queda foi a perspectiva de consumo (-1,2%).<\/p>\n<p>Na compara\u00e7\u00e3o com mar\u00e7o de 2021, a inten\u00e7\u00e3o de consumo\u00a0cresceu 5,9%, devido \u00e0s altas em cinco componentes, com destaque para emprego atual (13,4%) e perspectiva de consumo (16%). Tamb\u00e9m tiveram crescimento o n\u00edvel de consumo atual (10,8%), a renda atual (9,7%) e a perspectiva profissional (3,1%).<\/p>\n<p>Tiveram queda\u00a0os seguintes componentes: momento para a compra de bens dur\u00e1veis (-9,9%) e acesso ao cr\u00e9dito (-5,2%).<\/p>\n<p>Fonte: Ag\u00eancia Brasil<\/p>\n","protected":false},"excerpt":{"rendered":"<p>A Inten\u00e7\u00e3o de Consumo das Fam\u00edlias (ICF) cresceu 1,8% na passagem\u00a0de fevereiro\u00a0para mar\u00e7o deste ano. \u00c9 a terceira alta consecutiva do indicador\u00a0medido pela Confedera\u00e7\u00e3o Nacional do Com\u00e9rcio de Bens, Servi\u00e7os e Turismo (CNC) e divulgado\u00a0hoje\u00a0(23). Com o resultado, a ICF chegou a 78,1 pontos. A alta\u00a0de fevereiro\u00a0para mar\u00e7o foi puxada por seis dos sete componentes [&hellip;]<\/p>\n","protected":false},"author":246,"featured_media":196615,"comment_status":"closed","ping_status":"closed","sticky":false,"template":"","format":"standard","meta":{"footnotes":""},"categories":[436,261,439],"tags":[],"class_list":["post-196614","post","type-post","status-publish","format-standard","has-post-thumbnail","hentry","category-destaque-da-semana","category-economia","category-ultima-hora"],"_links":{"self":[{"href":"https:\/\/diarioregionaldigital.com.br\/index.php?rest_route=\/wp\/v2\/posts\/196614","targetHints":{"allow":["GET"]}}],"collection":[{"href":"https:\/\/diarioregionaldigital.com.br\/index.php?rest_route=\/wp\/v2\/posts"}],"about":[{"href":"https:\/\/diarioregionaldigital.com.br\/index.php?rest_route=\/wp\/v2\/types\/post"}],"author":[{"embeddable":true,"href":"https:\/\/diarioregionaldigital.com.br\/index.php?rest_route=\/wp\/v2\/users\/246"}],"replies":[{"embeddable":true,"href":"https:\/\/diarioregionaldigital.com.br\/index.php?rest_route=%2Fwp%2Fv2%2Fcomments&post=196614"}],"version-history":[{"count":1,"href":"https:\/\/diarioregionaldigital.com.br\/index.php?rest_route=\/wp\/v2\/posts\/196614\/revisions"}],"predecessor-version":[{"id":196616,"href":"https:\/\/diarioregionaldigital.com.br\/index.php?rest_route=\/wp\/v2\/posts\/196614\/revisions\/196616"}],"wp:featuredmedia":[{"embeddable":true,"href":"https:\/\/diarioregionaldigital.com.br\/index.php?rest_route=\/wp\/v2\/media\/196615"}],"wp:attachment":[{"href":"https:\/\/diarioregionaldigital.com.br\/index.php?rest_route=%2Fwp%2Fv2%2Fmedia&parent=196614"}],"wp:term":[{"taxonomy":"category","embeddable":true,"href":"https:\/\/diarioregionaldigital.com.br\/index.php?rest_route=%2Fwp%2Fv2%2Fcategories&post=196614"},{"taxonomy":"post_tag","embeddable":true,"href":"https:\/\/diarioregionaldigital.com.br\/index.php?rest_route=%2Fwp%2Fv2%2Ftags&post=196614"}],"curies":[{"name":"wp","href":"https:\/\/api.w.org\/{rel}","templated":true}]}}