{"id":196602,"date":"2022-03-24T06:00:43","date_gmt":"2022-03-24T09:00:43","guid":{"rendered":"https:\/\/diarioregionaldigital.com.br\/?p=196602"},"modified":"2022-03-23T22:36:19","modified_gmt":"2022-03-24T01:36:19","slug":"palavras-comovem-testemunhos-arrastam-24-03-2022","status":"publish","type":"post","link":"https:\/\/diarioregionaldigital.com.br\/?p=196602","title":{"rendered":"Palavras Comovem! Testemunhos Arrastam! &#8211; 24\/03\/2022"},"content":{"rendered":"<p>Meu caro leitor \u00e9 com alegria que novamente estamos chegando at\u00e9 voc\u00ea para mais uma edi\u00e7\u00e3o de palavras comovem mas testemunhos arrastam. Bem sei de sua expectativa para ler os testemunhos aqui apresentados. Hoje teremos dois belos testemunhos. Vamos ao primeiro testemunho:<br \/>\nTestemunho Para o dia 23 de mar\u00e7o: Padre Erelis e todos do grupo do ter\u00e7o de S\u00e3o Judas Tadeu venho agradecer \u00e0s ora\u00e7\u00f5es e dizer estou me sentindo muito aben\u00e7oada, fiz a quimioterapia hoje n\u00e3o estou sentindo nada, e preciso colocar um cateter pois Minhas veias est\u00e3o fraca. O SUS demora liberar esse cateter, a m\u00e9dica pediu m\u00eas passado e hoje consultei com o cirurgi\u00e3o e vou colocar o cateter dia 15 , uma pessoa que estava na minha frente desistiu e passaram para mim. obrigada s\u00e3o judas Tadeu pela sua intercess\u00e3o e pelas ora\u00e7\u00f5es de todas voc\u00eas e do padre Erelis. Deus seja louvado<br \/>\nVamos ao segundo testemunho: devota de S\u00e3o Judas Tadeu<br \/>\nPalavras Comovem, Testemunhos Arrastam.<br \/>\n\u00c9 com muita alegria que venho dar mais um testemunho de gra\u00e7a alcan\u00e7ada pela intercess\u00e3o de S\u00e3o Judas Tadeu e as ora\u00e7\u00f5es do padre Erelis.<br \/>\nEm agosto do ano passado fui fazer exames de rotina e a m\u00e9dica encontrou altera\u00e7\u00e3o na mamografia, pediu uma ultrassom que tamb\u00e9m deu altera\u00e7\u00e3o. J\u00e1 me encaminhou para um mastologista, ele examinou os exames e pediu para aguardar 6 meses para repetir o exame, diante desse novo exame ele saberia o que fazer, que rumo tomar.<br \/>\nEle ainda falou que se desse altera\u00e7\u00e3o \u00edamos investigar a fundo.<br \/>\nHoje fui levar o exame pra ele, confiante que S\u00e3o Judas Tadeu havia me curado. E n\u00e3o podia ter sido diferente. No Exame N\u00e3o Deu Nenhuma Altera\u00e7\u00e3o.<br \/>\nGra\u00e7as a intercess\u00e3o de S\u00e3o Judas Tadeu estou totalmente curada.<br \/>\nLouvado Seja Nosso Senhor Jesus Cristo&#8230;.<br \/>\nPara Sempre Seja Louvado.<br \/>\n&#8220;Palavras Tem For\u00e7a, A Ora\u00e7\u00e3o Tem Poder&#8221;.<br \/>\nVejam como milagres acontecem.<br \/>\nVejam como milagres acontecem! Convido vc para participar da missa de S\u00e3o Judas Tadeu das causas imposs\u00edveis clamando a miseric\u00f3rdia de Jesus por sa\u00fade e liberta\u00e7\u00e3o as quartas feiras \u00e0s 19h na igreja de Santa Rita e o ter\u00e7o todos os dias \u00e0s 07h; \u00e0s 20e30 pelo YouTube; Facebook; Instagran do Santu\u00e1rio virtual S\u00e3o Judas Tadeu svsaojudastadeu e \u00e0s 22 pelo Whhatzaap. com deixo o n\u00famero do meu celular para me ligarem quando precisar de uma ora\u00e7\u00e3o 988652609 se eu n\u00e3o atender na hora eu retornarei assim que eu ver a liba\u00e7\u00e3o<\/p>\n","protected":false},"excerpt":{"rendered":"<p>Meu caro leitor \u00e9 com alegria que novamente estamos chegando at\u00e9 voc\u00ea para mais uma edi\u00e7\u00e3o de palavras comovem mas testemunhos arrastam. Bem sei de sua expectativa para ler os testemunhos aqui apresentados. Hoje teremos dois belos testemunhos. Vamos ao primeiro testemunho: Testemunho Para o dia 23 de mar\u00e7o: Padre Erelis e todos do grupo [&hellip;]<\/p>\n","protected":false},"author":96,"featured_media":0,"comment_status":"closed","ping_status":"closed","sticky":false,"template":"","format":"standard","meta":{"footnotes":""},"categories":[1245],"tags":[],"class_list":["post-196602","post","type-post","status-publish","format-standard","hentry","category-padre-erelis"],"_links":{"self":[{"href":"https:\/\/diarioregionaldigital.com.br\/index.php?rest_route=\/wp\/v2\/posts\/196602","targetHints":{"allow":["GET"]}}],"collection":[{"href":"https:\/\/diarioregionaldigital.com.br\/index.php?rest_route=\/wp\/v2\/posts"}],"about":[{"href":"https:\/\/diarioregionaldigital.com.br\/index.php?rest_route=\/wp\/v2\/types\/post"}],"author":[{"embeddable":true,"href":"https:\/\/diarioregionaldigital.com.br\/index.php?rest_route=\/wp\/v2\/users\/96"}],"replies":[{"embeddable":true,"href":"https:\/\/diarioregionaldigital.com.br\/index.php?rest_route=%2Fwp%2Fv2%2Fcomments&post=196602"}],"version-history":[{"count":1,"href":"https:\/\/diarioregionaldigital.com.br\/index.php?rest_route=\/wp\/v2\/posts\/196602\/revisions"}],"predecessor-version":[{"id":196603,"href":"https:\/\/diarioregionaldigital.com.br\/index.php?rest_route=\/wp\/v2\/posts\/196602\/revisions\/196603"}],"wp:attachment":[{"href":"https:\/\/diarioregionaldigital.com.br\/index.php?rest_route=%2Fwp%2Fv2%2Fmedia&parent=196602"}],"wp:term":[{"taxonomy":"category","embeddable":true,"href":"https:\/\/diarioregionaldigital.com.br\/index.php?rest_route=%2Fwp%2Fv2%2Fcategories&post=196602"},{"taxonomy":"post_tag","embeddable":true,"href":"https:\/\/diarioregionaldigital.com.br\/index.php?rest_route=%2Fwp%2Fv2%2Ftags&post=196602"}],"curies":[{"name":"wp","href":"https:\/\/api.w.org\/{rel}","templated":true}]}}