{"id":196517,"date":"2022-03-22T18:32:49","date_gmt":"2022-03-22T21:32:49","guid":{"rendered":"https:\/\/diarioregionaldigital.com.br\/?p=196517"},"modified":"2022-03-22T18:32:49","modified_gmt":"2022-03-22T21:32:49","slug":"cesama-realiza-manutencao-na-elevatoria-do-bairro-bonsucesso-e-regiao-pode-ter-abastecimento-comprometido-nesta-quarta-23","status":"publish","type":"post","link":"https:\/\/diarioregionaldigital.com.br\/?p=196517","title":{"rendered":"Cesama realiza manuten\u00e7\u00e3o na elevat\u00f3ria do bairro Bonsucesso e regi\u00e3o pode ter abastecimento comprometido nesta quarta, 23"},"content":{"rendered":"<p>Segundo informa\u00e7\u00f5es do site da Prefeitura de Juiz de Fora, a Companhia de Saneamento Municipal (Cesama) da Prefeitura de Juiz de Fora (PJF) ir\u00e1 realizar a substitui\u00e7\u00e3o do registro da elevat\u00f3ria do bairro Bonsucesso nesta quarta-feira, 23. Para isso, ser\u00e1 necess\u00e1rio interromper o funcionamento da unidade de 8h \u00e0s 10h, podendo comprometer o abastecimento dos bairros Vila Alpina, S\u00e3o Benedito e Bonsucesso.<\/p>\n<p>A Cesama pede a compreens\u00e3o dos moradores da \u00e1rea e orienta para que economizem \u00e1gua at\u00e9 que o abastecimento seja regularizado, o que deve acontecer durante a noite de quarta-feira.<\/p>\n<p>J\u00e1 na quinta-feira, 24, a companhia ir\u00e1 substituir o registro da elevat\u00f3ria do bairro Amaz\u00f4nia. Os trabalhos ser\u00e3o feitos de 8h \u00e0s 9h30 e, para isso, a elevat\u00f3ria ficar\u00e1 parada, podendo causar desabastecimento no bairro. A regulariza\u00e7\u00e3o no fornecimento de \u00e1gua deve ser conclu\u00edda ao longo de quinta-feira.<br \/>\n<strong>Outras informa\u00e7\u00f5es:<\/strong><\/p>\n<p>(32) 3692-9179 &#8211; Assessoria de Comunica\u00e7\u00e3o da Cesama.<\/p>\n","protected":false},"excerpt":{"rendered":"<p>Segundo informa\u00e7\u00f5es do site da Prefeitura de Juiz de Fora, a Companhia de Saneamento Municipal (Cesama) da Prefeitura de Juiz de Fora (PJF) ir\u00e1 realizar a substitui\u00e7\u00e3o do registro da elevat\u00f3ria do bairro Bonsucesso nesta quarta-feira, 23. Para isso, ser\u00e1 necess\u00e1rio interromper o funcionamento da unidade de 8h \u00e0s 10h, podendo comprometer o abastecimento dos [&hellip;]<\/p>\n","protected":false},"author":246,"featured_media":196518,"comment_status":"closed","ping_status":"closed","sticky":false,"template":"","format":"standard","meta":{"footnotes":""},"categories":[253,436,439],"tags":[],"class_list":["post-196517","post","type-post","status-publish","format-standard","has-post-thumbnail","hentry","category-cidade","category-destaque-da-semana","category-ultima-hora"],"_links":{"self":[{"href":"https:\/\/diarioregionaldigital.com.br\/index.php?rest_route=\/wp\/v2\/posts\/196517","targetHints":{"allow":["GET"]}}],"collection":[{"href":"https:\/\/diarioregionaldigital.com.br\/index.php?rest_route=\/wp\/v2\/posts"}],"about":[{"href":"https:\/\/diarioregionaldigital.com.br\/index.php?rest_route=\/wp\/v2\/types\/post"}],"author":[{"embeddable":true,"href":"https:\/\/diarioregionaldigital.com.br\/index.php?rest_route=\/wp\/v2\/users\/246"}],"replies":[{"embeddable":true,"href":"https:\/\/diarioregionaldigital.com.br\/index.php?rest_route=%2Fwp%2Fv2%2Fcomments&post=196517"}],"version-history":[{"count":1,"href":"https:\/\/diarioregionaldigital.com.br\/index.php?rest_route=\/wp\/v2\/posts\/196517\/revisions"}],"predecessor-version":[{"id":196519,"href":"https:\/\/diarioregionaldigital.com.br\/index.php?rest_route=\/wp\/v2\/posts\/196517\/revisions\/196519"}],"wp:featuredmedia":[{"embeddable":true,"href":"https:\/\/diarioregionaldigital.com.br\/index.php?rest_route=\/wp\/v2\/media\/196518"}],"wp:attachment":[{"href":"https:\/\/diarioregionaldigital.com.br\/index.php?rest_route=%2Fwp%2Fv2%2Fmedia&parent=196517"}],"wp:term":[{"taxonomy":"category","embeddable":true,"href":"https:\/\/diarioregionaldigital.com.br\/index.php?rest_route=%2Fwp%2Fv2%2Fcategories&post=196517"},{"taxonomy":"post_tag","embeddable":true,"href":"https:\/\/diarioregionaldigital.com.br\/index.php?rest_route=%2Fwp%2Fv2%2Ftags&post=196517"}],"curies":[{"name":"wp","href":"https:\/\/api.w.org\/{rel}","templated":true}]}}