{"id":196508,"date":"2022-03-22T18:23:16","date_gmt":"2022-03-22T21:23:16","guid":{"rendered":"https:\/\/diarioregionaldigital.com.br\/?p=196508"},"modified":"2022-03-22T18:23:16","modified_gmt":"2022-03-22T21:23:16","slug":"bernardinho-pede-demissao-da-selecao-francesa-por-questoes-pessoais","status":"publish","type":"post","link":"https:\/\/diarioregionaldigital.com.br\/?p=196508","title":{"rendered":"Bernardinho pede demiss\u00e3o da sele\u00e7\u00e3o francesa por quest\u00f5es pessoais"},"content":{"rendered":"<p>O t\u00e9cnico Bernardo Rezende pediu demiss\u00e3o da sele\u00e7\u00e3o francesa masculina de v\u00f4lei nesta ter\u00e7a-feira (22). Em\u00a0<a href=\"http:\/\/www.ffvb.org\/index.php?mduuseid=Mw%3D%3D&amp;dsgtypid=37&amp;page=actu&amp;actid=NjUwMA%3D%3D\">nota<\/a>, a Federa\u00e7\u00e3o de V\u00f4lei do pa\u00eds afirmou que o treinador, bicampe\u00e3o ol\u00edmpico e tr\u00eas vezes campe\u00e3o do mundo pelo Brasil, atribuiu a decis\u00e3o de deixar a equipe a problemas pessoais e ressaltou que \u201csua fam\u00edlia continua sendo prioridade\u201d. Foi a primeira experi\u00eancia do brasileiro no comando de um time estrangeiro.<img decoding=\"async\" src=\"https:\/\/agenciabrasil.ebc.com.br\/ebc.png?id=1449795&amp;o=node\" \/><\/p>\n<p>\u201c\u00c9 uma das decis\u00f5es mais dif\u00edceis e dolorosas de toda a minha carreira. Estou muito triste porque amo esta sele\u00e7\u00e3o da Fran\u00e7a, o grupo, os jogadores, a equipe que constru\u00edmos. Sou muito grato pela confian\u00e7a que a federa\u00e7\u00e3o me deu ao longo do ano. Agrade\u00e7o novamente ao Presidente pelo apoio e compreens\u00e3o. Recebi uma recep\u00e7\u00e3o incr\u00edvel de todo o v\u00f4lei franc\u00eas e tenho muita dor e frustra\u00e7\u00e3o por n\u00e3o chegar ao fim do projeto que come\u00e7amos a colocar em pr\u00e1tica. Mas eu tenho que fazer essa escolha, n\u00e3o h\u00e1 outras escolhas poss\u00edveis para minha fam\u00edlia, que continua sendo uma prioridade. Disse ao Presidente que estarei sempre dispon\u00edvel para ajudar a federa\u00e7\u00e3o, os jogadores ou o meu sucessor. Desejo o maior sucesso a este grupo e ao v\u00f4lei franc\u00eas\u201d, disse o brasileiro.<\/p>\n<p>Bernardinho, de 62 anos, assinou contrato em abril do ano passado com a Federa\u00e7\u00e3o Francesa, mas s\u00f3 assumiu o comando do time ap\u00f3s a Olimp\u00edada de T\u00f3quio.\u00a0Durante sua breve passagem, a equipe Les Blues disputou o Campeonato Europeu em setembro, mas parou nas oitavas de final ao perder para a Rep\u00fablica Tcheca.Tamb\u00e9m no comunicado, Eric Tanguy, presidente da Federa\u00e7\u00e3o Francesa de V\u00f4lei,\u00a0lamentou a sa\u00edda precoce de\u00a0Bernardinho do comando da sele\u00e7\u00e3o.<\/p>\n<p>&#8220;Tivemos o melhor treinador para cumprir nossos objetivos at\u00e9 os Jogos de Paris-2024 e s\u00f3 posso lamentar essa situa\u00e7\u00e3o. Mas obviamente compreendo as raz\u00f5es que levaram o Bernardinho a tomar esta dif\u00edcil decis\u00e3o e agrade\u00e7o-lhe por se ter mantido dispon\u00edvel para preparar sua substitui\u00e7\u00e3o.<\/p>\n<p>O treinador seguir\u00e1 \u00e0 frente seguir\u00e1 \u00e0 frente do time feminino\u00a0Sesc-Flamengo, no Rio de Janeiro, que tem jogo decisivo na sexta-feira (25), contra o Osasco, no primeiro jogo das quartas de final da Superliga Feminina, \u00e0s 21h (hor\u00e1rio de Bras\u00edlia), em S\u00e3o Paulo.<\/p>\n<p>Fonte: Ag\u00eancia Brasil<\/p>\n","protected":false},"excerpt":{"rendered":"<p>O t\u00e9cnico Bernardo Rezende pediu demiss\u00e3o da sele\u00e7\u00e3o francesa masculina de v\u00f4lei nesta ter\u00e7a-feira (22). Em\u00a0nota, a Federa\u00e7\u00e3o de V\u00f4lei do pa\u00eds afirmou que o treinador, bicampe\u00e3o ol\u00edmpico e tr\u00eas vezes campe\u00e3o do mundo pelo Brasil, atribuiu a decis\u00e3o de deixar a equipe a problemas pessoais e ressaltou que \u201csua fam\u00edlia continua sendo prioridade\u201d. Foi [&hellip;]<\/p>\n","protected":false},"author":246,"featured_media":196509,"comment_status":"closed","ping_status":"closed","sticky":false,"template":"","format":"standard","meta":{"footnotes":""},"categories":[436,257,439],"tags":[],"class_list":["post-196508","post","type-post","status-publish","format-standard","has-post-thumbnail","hentry","category-destaque-da-semana","category-esporte","category-ultima-hora"],"_links":{"self":[{"href":"https:\/\/diarioregionaldigital.com.br\/index.php?rest_route=\/wp\/v2\/posts\/196508","targetHints":{"allow":["GET"]}}],"collection":[{"href":"https:\/\/diarioregionaldigital.com.br\/index.php?rest_route=\/wp\/v2\/posts"}],"about":[{"href":"https:\/\/diarioregionaldigital.com.br\/index.php?rest_route=\/wp\/v2\/types\/post"}],"author":[{"embeddable":true,"href":"https:\/\/diarioregionaldigital.com.br\/index.php?rest_route=\/wp\/v2\/users\/246"}],"replies":[{"embeddable":true,"href":"https:\/\/diarioregionaldigital.com.br\/index.php?rest_route=%2Fwp%2Fv2%2Fcomments&post=196508"}],"version-history":[{"count":1,"href":"https:\/\/diarioregionaldigital.com.br\/index.php?rest_route=\/wp\/v2\/posts\/196508\/revisions"}],"predecessor-version":[{"id":196510,"href":"https:\/\/diarioregionaldigital.com.br\/index.php?rest_route=\/wp\/v2\/posts\/196508\/revisions\/196510"}],"wp:featuredmedia":[{"embeddable":true,"href":"https:\/\/diarioregionaldigital.com.br\/index.php?rest_route=\/wp\/v2\/media\/196509"}],"wp:attachment":[{"href":"https:\/\/diarioregionaldigital.com.br\/index.php?rest_route=%2Fwp%2Fv2%2Fmedia&parent=196508"}],"wp:term":[{"taxonomy":"category","embeddable":true,"href":"https:\/\/diarioregionaldigital.com.br\/index.php?rest_route=%2Fwp%2Fv2%2Fcategories&post=196508"},{"taxonomy":"post_tag","embeddable":true,"href":"https:\/\/diarioregionaldigital.com.br\/index.php?rest_route=%2Fwp%2Fv2%2Ftags&post=196508"}],"curies":[{"name":"wp","href":"https:\/\/api.w.org\/{rel}","templated":true}]}}