{"id":196503,"date":"2022-03-22T18:20:15","date_gmt":"2022-03-22T21:20:15","guid":{"rendered":"https:\/\/diarioregionaldigital.com.br\/?p=196503"},"modified":"2022-03-22T18:20:15","modified_gmt":"2022-03-22T21:20:15","slug":"brasil-tem-3a-pior-media-do-mundo-em-permanencia-de-tecnicos-no-cargo","status":"publish","type":"post","link":"https:\/\/diarioregionaldigital.com.br\/?p=196503","title":{"rendered":"Brasil tem 3\u00aa pior m\u00e9dia do mundo em perman\u00eancia de t\u00e9cnicos no cargo"},"content":{"rendered":"<p>Cinco meses e 13 dias \u00e9 o tempo m\u00e9dio que\u00a0um t\u00e9cnico de futebol da S\u00e9rie A do Campeonato Brasileiro permanece no\u00a0cargo. Essa \u00e9 uma das constata\u00e7\u00f5es de um\u00a0<a href=\"https:\/\/football-observatory.com\/\">estudo\u00a0<\/a>realizado pelo Centro Internacional de Estudos Esportivos (Cies),\u00a0funda\u00e7\u00e3o\u00a0criada em 1995\u00a0pela Fifa. O levantamento abarca 90 campeonatos realizados pelo mundo.<img decoding=\"async\" src=\"https:\/\/agenciabrasil.ebc.com.br\/ebc.png?id=1449819&amp;o=node\" \/><img decoding=\"async\" src=\"https:\/\/agenciabrasil.ebc.com.br\/ebc.gif?id=1449819&amp;o=node\" \/><\/p>\n<p>Os t\u00e9cnicos s\u00f3 perdem o emprego em menos tempo na Ar\u00e1bia Saudita, que costuma demitir em cinco meses e seis dias, e para Bol\u00edvia, onde a m\u00e9dia \u00e9 de\u00a0cinco meses e 12 dias.<\/p>\n<p>O lugar em que o treinador tem mais tranquilidade para aplicar suas t\u00e1ticas e filosofias \u00e9 na Irlanda do Norte, onde o profissional costuma ficar quatro anos e dois meses \u00e0 frente de uma equipe.<\/p>\n<p>Na Liga de Portugal, p\u00e1tria de Abel Ferreira (Palmeiras), Paulo Sousa (Flamengo), Vitor Pereira (Corinthians) e Lu\u00eds Castro &#8211; prestes a ser contratado pelo Botafogo &#8211; \u00a0os profissionais seguem no cargo, geralmente, por um ano e dois meses.<\/p>\n<p>Fonte: Ag\u00eancia Brasil<\/p>\n","protected":false},"excerpt":{"rendered":"<p>Cinco meses e 13 dias \u00e9 o tempo m\u00e9dio que\u00a0um t\u00e9cnico de futebol da S\u00e9rie A do Campeonato Brasileiro permanece no\u00a0cargo. Essa \u00e9 uma das constata\u00e7\u00f5es de um\u00a0estudo\u00a0realizado pelo Centro Internacional de Estudos Esportivos (Cies),\u00a0funda\u00e7\u00e3o\u00a0criada em 1995\u00a0pela Fifa. O levantamento abarca 90 campeonatos realizados pelo mundo. Os t\u00e9cnicos s\u00f3 perdem o emprego em menos tempo [&hellip;]<\/p>\n","protected":false},"author":246,"featured_media":196504,"comment_status":"closed","ping_status":"closed","sticky":false,"template":"","format":"standard","meta":{"footnotes":""},"categories":[436,257,439],"tags":[],"class_list":["post-196503","post","type-post","status-publish","format-standard","has-post-thumbnail","hentry","category-destaque-da-semana","category-esporte","category-ultima-hora"],"_links":{"self":[{"href":"https:\/\/diarioregionaldigital.com.br\/index.php?rest_route=\/wp\/v2\/posts\/196503","targetHints":{"allow":["GET"]}}],"collection":[{"href":"https:\/\/diarioregionaldigital.com.br\/index.php?rest_route=\/wp\/v2\/posts"}],"about":[{"href":"https:\/\/diarioregionaldigital.com.br\/index.php?rest_route=\/wp\/v2\/types\/post"}],"author":[{"embeddable":true,"href":"https:\/\/diarioregionaldigital.com.br\/index.php?rest_route=\/wp\/v2\/users\/246"}],"replies":[{"embeddable":true,"href":"https:\/\/diarioregionaldigital.com.br\/index.php?rest_route=%2Fwp%2Fv2%2Fcomments&post=196503"}],"version-history":[{"count":2,"href":"https:\/\/diarioregionaldigital.com.br\/index.php?rest_route=\/wp\/v2\/posts\/196503\/revisions"}],"predecessor-version":[{"id":196506,"href":"https:\/\/diarioregionaldigital.com.br\/index.php?rest_route=\/wp\/v2\/posts\/196503\/revisions\/196506"}],"wp:featuredmedia":[{"embeddable":true,"href":"https:\/\/diarioregionaldigital.com.br\/index.php?rest_route=\/wp\/v2\/media\/196504"}],"wp:attachment":[{"href":"https:\/\/diarioregionaldigital.com.br\/index.php?rest_route=%2Fwp%2Fv2%2Fmedia&parent=196503"}],"wp:term":[{"taxonomy":"category","embeddable":true,"href":"https:\/\/diarioregionaldigital.com.br\/index.php?rest_route=%2Fwp%2Fv2%2Fcategories&post=196503"},{"taxonomy":"post_tag","embeddable":true,"href":"https:\/\/diarioregionaldigital.com.br\/index.php?rest_route=%2Fwp%2Fv2%2Ftags&post=196503"}],"curies":[{"name":"wp","href":"https:\/\/api.w.org\/{rel}","templated":true}]}}