{"id":196499,"date":"2022-03-22T18:18:04","date_gmt":"2022-03-22T21:18:04","guid":{"rendered":"https:\/\/diarioregionaldigital.com.br\/?p=196499"},"modified":"2022-03-22T18:18:04","modified_gmt":"2022-03-22T21:18:04","slug":"thiago-braz-conquista-a-prata-no-salto-com-vara-no-mundial-indoor","status":"publish","type":"post","link":"https:\/\/diarioregionaldigital.com.br\/?p=196499","title":{"rendered":"Thiago Braz conquista a prata no salto com vara no Mundial Indoor"},"content":{"rendered":"<p>Campe\u00e3o ol\u00edmpico nos Jogos Rio-2016 e bronze em T\u00f3quio-2021, Thiago Braz conquistou neste domingo (20.03) a medalha de prata na prova do salto com vara do Mundial Indoor de Atletismo, em Belgrado, na S\u00e9rvia. Ele saltou 5,95m na terceira e \u00faltima tentativa, quebrando o recorde brasileiro e sul-americano da prova (que era dele com 5,93m, desde 2016).<\/p>\n<p>Foi a segunda medalha do Brasil na competi\u00e7\u00e3o. No s\u00e1bado (19\/3), Darlan Romani havia conquistado o ouro no arremesso do peso, com 22,53 m, em um desempenho excepcional.<\/p>\n<p>O paulista de Mar\u00edlia, de 28 anos, passou 5,60m e 5,85m nas fases anteriores, superando outros 11 concorrentes. Nos 5,95m, precisou de tr\u00eas saltos para ultrapassar o sarrafo. Ele ficou atr\u00e1s apenas do sueco Armand Duplantis, que garantiu o ouro e bateu o recorde mundial, com 6,20m. Mondo, como \u00e9 conhecido, j\u00e1 era o recordista, com 6,19m.<\/p>\n<p>Thiago Braz vem em ascens\u00e3o. Ele tinha 5,91m, obtido em Rouen, na Fran\u00e7a, no dia 5 de mar\u00e7o, como melhor resultado na temporada. Ele comemorou muito a conquista, de olho no Mundial de Oregon, nos Estados Unidos, que ser\u00e1 disputado de 15 a 24 de julho. Foi a primeira medalha do brasileiro em mundiais adultos. No Indoor, ele havia disputado as edi\u00e7\u00f5es de Sopot-2014, Portland-2016 e Birmingham-2018. Thiago Braz foi campe\u00e3o mundial juvenil, em Barcelona-2012.<\/p>\n<p>Fonte: Confedera\u00e7\u00e3o Brasileira de Atletismo<\/p>\n","protected":false},"excerpt":{"rendered":"<p>Campe\u00e3o ol\u00edmpico nos Jogos Rio-2016 e bronze em T\u00f3quio-2021, Thiago Braz conquistou neste domingo (20.03) a medalha de prata na prova do salto com vara do Mundial Indoor de Atletismo, em Belgrado, na S\u00e9rvia. Ele saltou 5,95m na terceira e \u00faltima tentativa, quebrando o recorde brasileiro e sul-americano da prova (que era dele com 5,93m, [&hellip;]<\/p>\n","protected":false},"author":246,"featured_media":196500,"comment_status":"closed","ping_status":"closed","sticky":false,"template":"","format":"standard","meta":{"footnotes":""},"categories":[436,440,257,439],"tags":[],"class_list":["post-196499","post","type-post","status-publish","format-standard","has-post-thumbnail","hentry","category-destaque-da-semana","category-destaques-do-dia","category-esporte","category-ultima-hora"],"_links":{"self":[{"href":"https:\/\/diarioregionaldigital.com.br\/index.php?rest_route=\/wp\/v2\/posts\/196499","targetHints":{"allow":["GET"]}}],"collection":[{"href":"https:\/\/diarioregionaldigital.com.br\/index.php?rest_route=\/wp\/v2\/posts"}],"about":[{"href":"https:\/\/diarioregionaldigital.com.br\/index.php?rest_route=\/wp\/v2\/types\/post"}],"author":[{"embeddable":true,"href":"https:\/\/diarioregionaldigital.com.br\/index.php?rest_route=\/wp\/v2\/users\/246"}],"replies":[{"embeddable":true,"href":"https:\/\/diarioregionaldigital.com.br\/index.php?rest_route=%2Fwp%2Fv2%2Fcomments&post=196499"}],"version-history":[{"count":2,"href":"https:\/\/diarioregionaldigital.com.br\/index.php?rest_route=\/wp\/v2\/posts\/196499\/revisions"}],"predecessor-version":[{"id":196502,"href":"https:\/\/diarioregionaldigital.com.br\/index.php?rest_route=\/wp\/v2\/posts\/196499\/revisions\/196502"}],"wp:featuredmedia":[{"embeddable":true,"href":"https:\/\/diarioregionaldigital.com.br\/index.php?rest_route=\/wp\/v2\/media\/196500"}],"wp:attachment":[{"href":"https:\/\/diarioregionaldigital.com.br\/index.php?rest_route=%2Fwp%2Fv2%2Fmedia&parent=196499"}],"wp:term":[{"taxonomy":"category","embeddable":true,"href":"https:\/\/diarioregionaldigital.com.br\/index.php?rest_route=%2Fwp%2Fv2%2Fcategories&post=196499"},{"taxonomy":"post_tag","embeddable":true,"href":"https:\/\/diarioregionaldigital.com.br\/index.php?rest_route=%2Fwp%2Fv2%2Ftags&post=196499"}],"curies":[{"name":"wp","href":"https:\/\/api.w.org\/{rel}","templated":true}]}}