{"id":196495,"date":"2022-03-22T18:11:21","date_gmt":"2022-03-22T21:11:21","guid":{"rendered":"https:\/\/diarioregionaldigital.com.br\/?p=196495"},"modified":"2022-03-22T18:21:53","modified_gmt":"2022-03-22T21:21:53","slug":"farmaceutica-indiana-revela-planos-para-expandir-operacao-em-minas","status":"publish","type":"post","link":"https:\/\/diarioregionaldigital.com.br\/?p=196495","title":{"rendered":"Farmac\u00eautica indiana revela planos para expandir opera\u00e7\u00e3o em Minas"},"content":{"rendered":"<p>A empresa indiana ACG pretende ampliar as opera\u00e7\u00f5es na unidade de Pouso Alegre, na regi\u00e3o Sul de Minas. A revela\u00e7\u00e3o foi feita por executivos da empresa \u00e0 delega\u00e7\u00e3o do\u00a0<a href=\"https:\/\/www.mg.gov.br\/\" target=\"_blank\" rel=\"noopener\">Governo de Minas<\/a>\u00a0que esteve em miss\u00e3o de atra\u00e7\u00e3o de investimentos em Mumbai, na \u00cdndia, na \u00faltima semana. A expectativa dos indianos \u00e9 a de dobrar o n\u00famero de colaboradores na planta, que j\u00e1 \u00e9 refer\u00eancia internacional em solu\u00e7\u00f5es e servi\u00e7os para a ind\u00fastria farmac\u00eautica.<\/p>\n<p>A miss\u00e3o, composta pelo secret\u00e1rio de Estado de\u00a0<a href=\"http:\/\/www.desenvolvimento.mg.gov.br\/\" target=\"_blank\" rel=\"noopener\">Desenvolvimento Econ\u00f4mico<\/a>, Fernando Passalio, e pelo diretor-presidente da Invest Minas, Jo\u00e3o Paulo Braga, al\u00e9m de t\u00e9cnicos dos dois \u00f3rg\u00e3os, foi recebida pelo presidente do conselho de administra\u00e7\u00e3o da ACG, Ajit Singh, e pelo CEO, Karan Singh, que avaliaram de forma bastante positiva o desempenho da unidade da empresa em Pouso Alegre e a parceria com os mineiros.<\/p>\n<p>Para o secret\u00e1rio de Desenvolvimento Econ\u00f4mico, Fernando Passalio, o interesse da empresa em ampliar a unidade em Pouso Alegre \u00e9 prova de que a atual gest\u00e3o estadual est\u00e1 conseguindo colocar a locomotiva do desenvolvimento nos trilhos. A equipe econ\u00f4mica do Governo de Minas tem adotado uma legisla\u00e7\u00e3o mais amig\u00e1vel, contemplando a\u00e7\u00f5es de simplifica\u00e7\u00e3o e desburocratiza\u00e7\u00e3o do ambiente de neg\u00f3cio. \u201cO resultado dessas iniciativas \u00e9 a transforma\u00e7\u00e3o de Minas Gerais no melhor lugar para se investir no pais, impulsionando o crescimento econ\u00f4mico regional e contribuindo para a gera\u00e7\u00e3o de mais emprego e renda para os mineiros\u201d, destaca o secret\u00e1rio de Desenvolvimento Econ\u00f4mico, Fernando Passalio.<\/p>\n<p><strong>Empenho\u00a0<\/strong><\/p>\n<p>\u201cEles se mostraram bastante satisfeitos com Minas, com a cidade de Pouso Alegre e os funcion\u00e1rios. O empenho de todos fez com que a planta da ACG se consolidasse como uma das maiores f\u00e1bricas de c\u00e1psulas de medicamentos do mundo. De olho neste potencial, os executivos revelaram o interesse em ampliar a unidade nos pr\u00f3ximos anos. Os detalhes e valores ainda est\u00e3o sendo fechados, mas h\u00e1 todas as condi\u00e7\u00f5es para conquistarmos para Minas mais esse aporte\u201d, afirma Jo\u00e3o Paulo Braga.<\/p>\n<p>Segundo Braga, a empresa se colocou \u00e0 disposi\u00e7\u00e3o para intermediar a atra\u00e7\u00e3o de fornecedores da ACG para a regi\u00e3o Sul de Minas e tamb\u00e9m fazer a interlocu\u00e7\u00e3o junto a empresas indianas de outras \u00e1reas que queiram expandir seus neg\u00f3cios para a Am\u00e9rica do Sul para que escolham Minas como destino.<\/p>\n<p><strong>Lideran\u00e7a<\/strong><\/p>\n<p>A ACG \u00e9 a \u00fanica empresa de solu\u00e7\u00f5es integradas de fabrica\u00e7\u00e3o farmac\u00eautica do mundo. Ela produz c\u00e1psulas, filmes e folhas, al\u00e9m de solu\u00e7\u00f5es de engenharia, sistemas de inspe\u00e7\u00e3o e track and trace para o setor, o que faz com que ela atue em toda a cadeia farmac\u00eautica, de ponta a ponta.<\/p>\n<p>Os produtos e servi\u00e7os da empresa est\u00e3o presentes em mais de cem pa\u00edses, empregando 3,2 mil trabalhadores.<\/p>\n<p>Inaugurada em mar\u00e7o de 2019, a unidade de Pouso Alegre \u00e9 uma das mais modernas do mundo em sua \u00e1rea de atua\u00e7\u00e3o e emprega, atualmente, cerca de 300 pessoas. A empresa j\u00e1 investiu cerca de R$ 200 milh\u00f5es na planta.<\/p>\n<p>Fonte: Ag\u00eancia Minas<\/p>\n","protected":false},"excerpt":{"rendered":"<p>A empresa indiana ACG pretende ampliar as opera\u00e7\u00f5es na unidade de Pouso Alegre, na regi\u00e3o Sul de Minas. A revela\u00e7\u00e3o foi feita por executivos da empresa \u00e0 delega\u00e7\u00e3o do\u00a0Governo de Minas\u00a0que esteve em miss\u00e3o de atra\u00e7\u00e3o de investimentos em Mumbai, na \u00cdndia, na \u00faltima semana. A expectativa dos indianos \u00e9 a de dobrar o n\u00famero [&hellip;]<\/p>\n","protected":false},"author":246,"featured_media":196496,"comment_status":"closed","ping_status":"closed","sticky":false,"template":"","format":"standard","meta":{"footnotes":""},"categories":[436,254,439],"tags":[],"class_list":["post-196495","post","type-post","status-publish","format-standard","has-post-thumbnail","hentry","category-destaque-da-semana","category-politica","category-ultima-hora"],"_links":{"self":[{"href":"https:\/\/diarioregionaldigital.com.br\/index.php?rest_route=\/wp\/v2\/posts\/196495","targetHints":{"allow":["GET"]}}],"collection":[{"href":"https:\/\/diarioregionaldigital.com.br\/index.php?rest_route=\/wp\/v2\/posts"}],"about":[{"href":"https:\/\/diarioregionaldigital.com.br\/index.php?rest_route=\/wp\/v2\/types\/post"}],"author":[{"embeddable":true,"href":"https:\/\/diarioregionaldigital.com.br\/index.php?rest_route=\/wp\/v2\/users\/246"}],"replies":[{"embeddable":true,"href":"https:\/\/diarioregionaldigital.com.br\/index.php?rest_route=%2Fwp%2Fv2%2Fcomments&post=196495"}],"version-history":[{"count":2,"href":"https:\/\/diarioregionaldigital.com.br\/index.php?rest_route=\/wp\/v2\/posts\/196495\/revisions"}],"predecessor-version":[{"id":196498,"href":"https:\/\/diarioregionaldigital.com.br\/index.php?rest_route=\/wp\/v2\/posts\/196495\/revisions\/196498"}],"wp:featuredmedia":[{"embeddable":true,"href":"https:\/\/diarioregionaldigital.com.br\/index.php?rest_route=\/wp\/v2\/media\/196496"}],"wp:attachment":[{"href":"https:\/\/diarioregionaldigital.com.br\/index.php?rest_route=%2Fwp%2Fv2%2Fmedia&parent=196495"}],"wp:term":[{"taxonomy":"category","embeddable":true,"href":"https:\/\/diarioregionaldigital.com.br\/index.php?rest_route=%2Fwp%2Fv2%2Fcategories&post=196495"},{"taxonomy":"post_tag","embeddable":true,"href":"https:\/\/diarioregionaldigital.com.br\/index.php?rest_route=%2Fwp%2Fv2%2Ftags&post=196495"}],"curies":[{"name":"wp","href":"https:\/\/api.w.org\/{rel}","templated":true}]}}