{"id":196492,"date":"2022-03-22T18:07:16","date_gmt":"2022-03-22T21:07:16","guid":{"rendered":"https:\/\/diarioregionaldigital.com.br\/?p=196492"},"modified":"2022-03-22T18:07:16","modified_gmt":"2022-03-22T21:07:16","slug":"igam-comemora-semana-da-agua-2022-com-programacao-tematica","status":"publish","type":"post","link":"https:\/\/diarioregionaldigital.com.br\/?p=196492","title":{"rendered":"Igam comemora Semana da \u00c1gua 2022 com programa\u00e7\u00e3o tem\u00e1tica"},"content":{"rendered":"<p>O\u00a0<a href=\"http:\/\/www.igam.mg.gov.br\/\" target=\"_blank\" rel=\"noopener\">Instituto Mineiro de Gest\u00e3o das \u00c1guas (Igam)<\/a>\u00a0promove, at\u00e9 25\/3, a Semana da \u00c1gua 2022. Com o tema &#8220;Juntos pelas \u00c1guas de Minas&#8221;, o evento ir\u00e1 compartilhar experi\u00eancias e conhecimentos sobre a gest\u00e3o dos recursos h\u00eddricos a partir de diferentes olhares, al\u00e9m de propiciar o di\u00e1logo entre especialistas e a sociedade. Com o apoio da Associa\u00e7\u00e3o Brasileira de \u00c1guas Subterr\u00e2neas (Abas), a Semana da \u00c1gua 2022 faz alus\u00e3o ao tema da Organiza\u00e7\u00e3o das Na\u00e7\u00f5es Unidas (ONU) para o Dia Mundial da \u00c1gua (22\/3): \u201c\u00c1guas subterr\u00e2neas: tornando o invis\u00edvel vis\u00edvel\u201d.<\/p>\n<p>A programa\u00e7\u00e3o \u00e9 variada e ter\u00e1 participa\u00e7\u00e3o da secret\u00e1ria de\u00a0<a href=\"http:\/\/www.meioambiente.mg.gov.br\/\" target=\"_blank\" rel=\"noopener\">Estado de Meio Ambiente e Desenvolvimento Sustent\u00e1vel (Semad)<\/a>, Mar\u00edlia Melo. O evento virtual tamb\u00e9m contar\u00e1 com dirigentes do Sistema Estadual de Meio Ambiente e Recursos H\u00eddricos (Sisema): o diretor-geral do Igam, Marcelo da Fonseca; o presidente da Funda\u00e7\u00e3o Estadual do Meio Ambiente (Feam), Renato Brand\u00e3o e a diretora-geral do Instituto Estadual de Florestas (IEF), Maria Am\u00e9lia Coni.<\/p>\n<p>Durante toda a semana, haver\u00e1 atividades como webin\u00e1rios com transmiss\u00e3o pelo canal Meio Ambiente Minas Gerais, no Youtube, com temas relacionados aos recursos h\u00eddricos e \u00e0s mudan\u00e7as clim\u00e1ticas; capacita\u00e7\u00f5es com as tem\u00e1ticas: instrumentos econ\u00f4micos para munic\u00edpios; drenagem \u00e1cida; monitoramento h\u00eddrico; hidrogeologia aplicada \u00e0 minera\u00e7\u00e3o; e pr\u00e1ticas de comit\u00eas de bacia hidrogr\u00e1fica.<\/p>\n<p>Os interessados em participar dos webin\u00e1rios, capacita\u00e7\u00f5es e cursos devem realizar inscri\u00e7\u00e3o pr\u00e9via.\u00a0<a href=\"http:\/\/trilhasdosaber.meioambiente.mg.gov.br\/mod\/page\/view.php?id=10771\">Clique aqui<\/a>\u00a0para acessar a programa\u00e7\u00e3o completa e realizar a inscri\u00e7\u00e3o.<\/p>\n<p>As atividades comp\u00f5em o Programa Estadual de Capacita\u00e7\u00e3o em Recursos H\u00eddricos &#8211; Integra\u00e7\u00e3o de Saberes e visam fortalecer o Sistema Estadual de Gerenciamento de Recursos H\u00eddricos de Minas Gerais (SEGRH-MG), por meio da execu\u00e7\u00e3o de a\u00e7\u00f5es cont\u00ednuas de forma\u00e7\u00e3o e desenvolvimento para servidores, colaboradores, conselheiros de recursos h\u00eddricos e sociedade.<\/p>\n<p>Haver\u00e1 emiss\u00e3o de certificado para os seguintes eventos: webinar \u201cA\u00e7\u00f5es para a seguran\u00e7a h\u00eddrica em Minas Gerais\u201d; Capacita\u00e7\u00e3o em instrumentos econ\u00f4micos para munic\u00edpios; minicurso: Drenagem \u00e1cida e monitoramento h\u00eddrico; webinar: Recursos h\u00eddricos no contexto do 6\u00ba relat\u00f3rio de avalia\u00e7\u00e3o do IPCC sobre mudan\u00e7as clim\u00e1ticas; mesa redonda: Pr\u00e1ticas de Educa\u00e7\u00e3o Ambiental em Gest\u00e3o e Conserva\u00e7\u00e3o da \u00c1gua; SisemaComCi\u00eancia: \u00c1guas Subterr\u00e2neas; minicurso: Hidrogeologia aplicada \u00e0 minera\u00e7\u00e3o.<\/p>\n<p>A programa\u00e7\u00e3o presencial ocorrer\u00e1 no Centro Mineiro de Refer\u00eancia em Res\u00edduos (CMRR), que receber\u00e1 a 12\u00aa edi\u00e7\u00e3o do F\u00f3rum Interinstitucional AmbientA\u00c7\u00c3O (FIA) e uma mesa redonda promovida pela Comiss\u00e3o Interinstitucional de Educa\u00e7\u00e3o Ambiental do Estado de Minas Gerais (Ciea-MG).<\/p>\n<p><strong>Servi\u00e7o<\/p>\n<p>Semana da \u00c1gua 2022 \u201cJuntos pelas \u00c1guas de Minas\u201d<\/strong><\/p>\n<p><strong>Data<\/strong>: At\u00e9 25\/3<\/p>\n<p><strong>Programa\u00e7\u00e3o h\u00edbrida<\/strong>: presencial e virtual<\/p>\n<p><strong>Inscri\u00e7\u00f5es<\/strong>:\u00a0<a href=\"http:\/\/trilhasdosaber.meioambiente.mg.gov.br\/mod\/page\/view.php?id=10771\" target=\"_blank\" rel=\"noopener\">clique aqui<\/a><\/p>\n<p>Fonte: Ag\u00eancia Minas<\/p>\n","protected":false},"excerpt":{"rendered":"<p>O\u00a0Instituto Mineiro de Gest\u00e3o das \u00c1guas (Igam)\u00a0promove, at\u00e9 25\/3, a Semana da \u00c1gua 2022. Com o tema &#8220;Juntos pelas \u00c1guas de Minas&#8221;, o evento ir\u00e1 compartilhar experi\u00eancias e conhecimentos sobre a gest\u00e3o dos recursos h\u00eddricos a partir de diferentes olhares, al\u00e9m de propiciar o di\u00e1logo entre especialistas e a sociedade. Com o apoio da Associa\u00e7\u00e3o [&hellip;]<\/p>\n","protected":false},"author":246,"featured_media":196493,"comment_status":"closed","ping_status":"closed","sticky":false,"template":"","format":"standard","meta":{"footnotes":""},"categories":[436,254,439],"tags":[],"class_list":["post-196492","post","type-post","status-publish","format-standard","has-post-thumbnail","hentry","category-destaque-da-semana","category-politica","category-ultima-hora"],"_links":{"self":[{"href":"https:\/\/diarioregionaldigital.com.br\/index.php?rest_route=\/wp\/v2\/posts\/196492","targetHints":{"allow":["GET"]}}],"collection":[{"href":"https:\/\/diarioregionaldigital.com.br\/index.php?rest_route=\/wp\/v2\/posts"}],"about":[{"href":"https:\/\/diarioregionaldigital.com.br\/index.php?rest_route=\/wp\/v2\/types\/post"}],"author":[{"embeddable":true,"href":"https:\/\/diarioregionaldigital.com.br\/index.php?rest_route=\/wp\/v2\/users\/246"}],"replies":[{"embeddable":true,"href":"https:\/\/diarioregionaldigital.com.br\/index.php?rest_route=%2Fwp%2Fv2%2Fcomments&post=196492"}],"version-history":[{"count":1,"href":"https:\/\/diarioregionaldigital.com.br\/index.php?rest_route=\/wp\/v2\/posts\/196492\/revisions"}],"predecessor-version":[{"id":196494,"href":"https:\/\/diarioregionaldigital.com.br\/index.php?rest_route=\/wp\/v2\/posts\/196492\/revisions\/196494"}],"wp:featuredmedia":[{"embeddable":true,"href":"https:\/\/diarioregionaldigital.com.br\/index.php?rest_route=\/wp\/v2\/media\/196493"}],"wp:attachment":[{"href":"https:\/\/diarioregionaldigital.com.br\/index.php?rest_route=%2Fwp%2Fv2%2Fmedia&parent=196492"}],"wp:term":[{"taxonomy":"category","embeddable":true,"href":"https:\/\/diarioregionaldigital.com.br\/index.php?rest_route=%2Fwp%2Fv2%2Fcategories&post=196492"},{"taxonomy":"post_tag","embeddable":true,"href":"https:\/\/diarioregionaldigital.com.br\/index.php?rest_route=%2Fwp%2Fv2%2Ftags&post=196492"}],"curies":[{"name":"wp","href":"https:\/\/api.w.org\/{rel}","templated":true}]}}