{"id":196488,"date":"2022-03-22T18:02:36","date_gmt":"2022-03-22T21:02:36","guid":{"rendered":"https:\/\/diarioregionaldigital.com.br\/?p=196488"},"modified":"2022-03-22T18:02:36","modified_gmt":"2022-03-22T21:02:36","slug":"parque-estadual-mata-do-limoeiro-lanca-passaporte-para-visitantes","status":"publish","type":"post","link":"https:\/\/diarioregionaldigital.com.br\/?p=196488","title":{"rendered":"Parque Estadual Mata do Limoeiro lan\u00e7a passaporte para visitantes"},"content":{"rendered":"<p>Visitantes do Parque Estadual Mata do Limoeiro, localizado em Itabira, na regi\u00e3o Central de Minas Gerais, poder\u00e3o registrar a passagem pela Unidade de Conserva\u00e7\u00e3o por meio de um passaporte. No documento, que n\u00e3o \u00e9 de identifica\u00e7\u00e3o oficial, constar\u00e1 cada atrativo visitado pelo turista no parque, com carimbos personalizados. O mesmo vale para as outras sete maravilhas do entorno.<\/p>\n<p>A ideia do passaporte surgiu em 2018, durante uma reuni\u00e3o da ger\u00eancia do parque com uma empresa de marketing parceira. A partir da\u00ed, conversas foram realizadas com empreendedores locais para definir os atrativos inclu\u00eddos no documento e seu objetivo principal.<\/p>\n<p>No parque, o turista poder\u00e1 registrar as visitas em quatro atrativos: Cachoeira do Pared\u00e3o, Cachoeira do Derrubado, Salas Tem\u00e1ticas e Mirante do Campestre. No entorno do parque, os outros atrativos que podem ser carimbados est\u00e3o nos distritos de Senhora do Carmo e Ipoema. Entre os locais est\u00e3o: Morro Redondo, Centro de Tradi\u00e7\u00f5es, Cachoeira Alta, Cachoeira dos Marques, Serra dos Alves, Museu do Tropeiro e Museu da Pharm\u00e1cia.<\/p>\n<p>Al\u00e9m dos atrativos citados, o documento tamb\u00e9m d\u00e1 indica\u00e7\u00f5es sobre outras belezas naturais que ficam nos distritos do entorno do parque. Quando o turista visitar todos os locais e colher os registros, recebe um carimbo exclusivo.<\/p>\n<p><strong>Incentivo ao turismo<\/strong><\/p>\n<p>Diretora-geral do IEF, Maria Am\u00e9lia Mattos destaca a import\u00e2ncia do passaporte, sobretudo na retomada do turismo em Minas, que avan\u00e7a com a vacina\u00e7\u00e3o contra a covid-19. Ela tamb\u00e9m define o documento como mais um incentivo para as pessoas visitarem as belezas naturais do parque, beneficiando, tamb\u00e9m, a economia local. \u201cEspa\u00e7os como esse s\u00e3o importantes para respirarmos ar puro, contemplar as nossas belezas naturais.<br \/>\nDivulgar e incentivar isso por meio do passaporte \u00e9 importante para conhecermos e divulgarmos as belezas do nosso estado\u201d, aponta.<\/p>\n<p>A iniciativa tamb\u00e9m recebeu elogios do secret\u00e1rio municipal de Meio Ambiente de Itabira, Denes Lott. \u201c\u00c9 satisfat\u00f3rio e alegre tudo o que est\u00e1 acontecendo aqui. Sou testemunha do trabalho que vem sendo feito no parque desde a sua forma\u00e7\u00e3o\u201d.<\/p>\n<p>O gerente do parque, Alex Amaral, contou lembra etapas de idealiza\u00e7\u00e3o do passaporte, desde a ideia inicial at\u00e9 a sua conclus\u00e3o. Para ele, o fato de a iniciativa ter sido constru\u00edda a \u201cv\u00e1rias m\u00e3os\u201d valoriza ainda mais o resultado. &#8220;O lan\u00e7amento do passaporte \u00e9 a concretiza\u00e7\u00e3o de um trabalho voltado para um \u00fanico objetivo: a unifica\u00e7\u00e3o da visita\u00e7\u00e3o em rede nos principais atrativos tur\u00edsticos do Parque Estadual Mata do Limoeiro e seu entorno. Esse produto foi constru\u00eddo em conjunto, de forma participativa, e isso lhe confere destaque e valor\u201d, conclui Alex.<\/p>\n<p>O visitante poder\u00e1 obter o passaporte nas pousadas credenciadas (veja lista a seguir) e na sede do parque, por meio de simples cadastro. Nesses locais, chamados pontos credenciados, o turista solicita o carimbo na respectiva p\u00e1gina da atra\u00e7\u00e3o. Cada localidade tem um carimbo personalizado, mas para receb\u00ea-lo \u00e9 preciso apresentar uma selfie para comprovar a visita.<\/p>\n<p>Somente no primeiro fim de semana da iniciativa, foram emitidos 200 passaportes.<\/p>\n<p>Veja os pontos de credenciamento:<\/p>\n<p>\u2022 Sede do Parque<\/p>\n<p>\u2022 Pousada Ipoema<\/p>\n<p>\u2022 Museu do Tropeiro<\/p>\n<p>\u2022 Pousada Venda de Cima<\/p>\n<p>\u2022 Pousada Quadrado<\/p>\n<p>\u2022 Artesanato Ipoema<\/p>\n<p>\u2022 Pousada Maravilha Real<\/p>\n<p>O parque<\/p>\n<p>Localizado bem pr\u00f3ximo \u00e0 \u00e1rea urbana do distrito de Ipoema, o Parque Estadual Mata do Limoeiro \u00e9 uma Unidade de Conserva\u00e7\u00e3o (UC) administrada pelo<a href=\"http:\/\/www.ief.mg.gov.br\/\" target=\"_blank\" rel=\"noopener\">\u00a0Instituto Estadual de Florestas<\/a>. Possui a importante fun\u00e7\u00e3o de prote\u00e7\u00e3o de uma \u00e1rea de mais de 2 mil hectares dos biomas Cerrado e Mata Atl\u00e2ntica.<\/p>\n<p>A UC foi oficialmente aberta no final de 2013 e, desde ent\u00e3o, sua visita\u00e7\u00e3o tem sido crescente, acompanhada da diversifica\u00e7\u00e3o de seus atrativos.<\/p>\n<p>A regi\u00e3o est\u00e1 localizada na Serra do Espinha\u00e7o, a cerca de 7 quil\u00f4metros\u00a0do Parque Nacional da Serra do Cip\u00f3.<\/p>\n<p>O nome da unidade remete \u00e0 Fazenda do Limoeiro, originalmente na \u00e1rea do parque, e que hoje n\u00e3o existe mais. Na regi\u00e3o, podem ser observados fragmentos de Mata Atl\u00e2ntica e do Cerrado, o que lhe confere grande diversidade biol\u00f3gica. J\u00e1 foram identificadas na \u00e1rea pelo menos tr\u00eas esp\u00e9cies amea\u00e7adas de extin\u00e7\u00e3o: a samambaia\u00e7u, a bra\u00fana-preta e o jacarand\u00e1-cavi\u00fana (uma das mais valorizadas madeiras brasileiras).<\/p>\n<p>Entre as esp\u00e9cies da fauna, j\u00e1 foram observadas esp\u00e9cies raras como o rato-do-mato e o gamb\u00e1-de-orelha-branca, presentes somente em \u00e1reas de Mata Atl\u00e2ntica, al\u00e9m de outras de importantes para a conserva\u00e7\u00e3o ambiental.<\/p>\n<p>Fonte: Ag\u00eancia Minas<\/p>\n","protected":false},"excerpt":{"rendered":"<p>Visitantes do Parque Estadual Mata do Limoeiro, localizado em Itabira, na regi\u00e3o Central de Minas Gerais, poder\u00e3o registrar a passagem pela Unidade de Conserva\u00e7\u00e3o por meio de um passaporte. No documento, que n\u00e3o \u00e9 de identifica\u00e7\u00e3o oficial, constar\u00e1 cada atrativo visitado pelo turista no parque, com carimbos personalizados. O mesmo vale para as outras sete [&hellip;]<\/p>\n","protected":false},"author":246,"featured_media":196489,"comment_status":"closed","ping_status":"closed","sticky":false,"template":"","format":"standard","meta":{"footnotes":""},"categories":[436,254,439],"tags":[],"class_list":["post-196488","post","type-post","status-publish","format-standard","has-post-thumbnail","hentry","category-destaque-da-semana","category-politica","category-ultima-hora"],"_links":{"self":[{"href":"https:\/\/diarioregionaldigital.com.br\/index.php?rest_route=\/wp\/v2\/posts\/196488","targetHints":{"allow":["GET"]}}],"collection":[{"href":"https:\/\/diarioregionaldigital.com.br\/index.php?rest_route=\/wp\/v2\/posts"}],"about":[{"href":"https:\/\/diarioregionaldigital.com.br\/index.php?rest_route=\/wp\/v2\/types\/post"}],"author":[{"embeddable":true,"href":"https:\/\/diarioregionaldigital.com.br\/index.php?rest_route=\/wp\/v2\/users\/246"}],"replies":[{"embeddable":true,"href":"https:\/\/diarioregionaldigital.com.br\/index.php?rest_route=%2Fwp%2Fv2%2Fcomments&post=196488"}],"version-history":[{"count":2,"href":"https:\/\/diarioregionaldigital.com.br\/index.php?rest_route=\/wp\/v2\/posts\/196488\/revisions"}],"predecessor-version":[{"id":196491,"href":"https:\/\/diarioregionaldigital.com.br\/index.php?rest_route=\/wp\/v2\/posts\/196488\/revisions\/196491"}],"wp:featuredmedia":[{"embeddable":true,"href":"https:\/\/diarioregionaldigital.com.br\/index.php?rest_route=\/wp\/v2\/media\/196489"}],"wp:attachment":[{"href":"https:\/\/diarioregionaldigital.com.br\/index.php?rest_route=%2Fwp%2Fv2%2Fmedia&parent=196488"}],"wp:term":[{"taxonomy":"category","embeddable":true,"href":"https:\/\/diarioregionaldigital.com.br\/index.php?rest_route=%2Fwp%2Fv2%2Fcategories&post=196488"},{"taxonomy":"post_tag","embeddable":true,"href":"https:\/\/diarioregionaldigital.com.br\/index.php?rest_route=%2Fwp%2Fv2%2Ftags&post=196488"}],"curies":[{"name":"wp","href":"https:\/\/api.w.org\/{rel}","templated":true}]}}