{"id":196484,"date":"2022-03-22T17:59:23","date_gmt":"2022-03-22T20:59:23","guid":{"rendered":"https:\/\/diarioregionaldigital.com.br\/?p=196484"},"modified":"2022-03-22T17:59:23","modified_gmt":"2022-03-22T20:59:23","slug":"governador-participa-de-abertura-da-feira-do-agronegocio-mineiro-e-entrega-de-certificados-do-programa-certifica-minas-cafe","status":"publish","type":"post","link":"https:\/\/diarioregionaldigital.com.br\/?p=196484","title":{"rendered":"Governador participa de abertura da Feira do Agroneg\u00f3cio Mineiro e entrega de certificados do programa Certifica Minas Caf\u00e9"},"content":{"rendered":"<p><main class=\"clear margin-md-bottom-3\"><\/p>\n<div class=\"clear \">\n<p>O governador Romeu Zema cumpriu agendas de trabalho na cidade de Uberl\u00e2ndia, no Tri\u00e2ngulo Mineiro, nesta ter\u00e7a-feira (22\/3). No munic\u00edpio, o chefe do executivo participou da abertura da Feira do Agroneg\u00f3cio Mineiro (Femec), onde entregou certificados do programa Certifica Minas Caf\u00e9 a produtores da regi\u00e3o de Uberl\u00e2ndia.<\/p>\n<p>Em sua 9\u00aa edi\u00e7\u00e3o, a Femec \u00e9 considerada um dos principais eventos do estado para comercializa\u00e7\u00e3o de m\u00e1quinas, equipamentos, implementos e insumos agr\u00edcolas. A expectativa \u00e9 a de que a feira gere R$ 750 milh\u00f5es em neg\u00f3cios e conte com o p\u00fablico de 60 mil visitantes no Parque de Exposi\u00e7\u00f5es Camaru \u00a0nos dias de exposi\u00e7\u00e3o, at\u00e9 25\/3.<\/p>\n<p>O governador participou da cerim\u00f4nia de abertura e destacou os esfor\u00e7os do<a href=\"https:\/\/www.governo.mg.gov.br\/\" target=\"_blank\" rel=\"noopener\">\u00a0Governo de Minas<\/a>\u00a0para fomentar a economia. \u201cA secret\u00e1ria de Agricultura, Ana Valentini, e eu temos tentado eliminar todas as barreiras burocr\u00e1ticas para aqueles que querem produzir. E isso n\u00e3o s\u00f3 no campo, como na cidade tamb\u00e9m. Temos levado adiante diversas medidas de desburocratiza\u00e7\u00e3o e simplifica\u00e7\u00e3o para o setor produtivo. Ainda temos muito o que fazer, mas saliento que o Estado tem criado um ambiente prop\u00edcio ao desenvolvimento\u201d, disse.<\/p>\n<p><strong>Melhoria gen\u00e9tica do rebanho<\/strong><\/p>\n<p>Durante a programa\u00e7\u00e3o da Femec, o governo vai realizar a nova edi\u00e7\u00e3o do Programa de Melhoria da Qualidade Gen\u00e9tica do Rebanho Bovino de Minas Gerais (Pr\u00f3-Gen\u00e9tica\/Pr\u00f3-F\u00eameas). Por meio do projeto, ser\u00e3o realizadas feiras e leil\u00f5es em todo o estado para a comercializa\u00e7\u00e3o de animais geneticamente superiores. \u00a0J\u00e1 a\u00a0<a href=\"https:\/\/www.emater.mg.gov.br\/\" target=\"_blank\" rel=\"noopener\">Emater-MG<\/a>\u00a0vai oferecer cursos de processamento de alimentos para orienta\u00e7\u00f5es relacionadas a tecnologias inovadoras para a produ\u00e7\u00e3o rural.<\/p>\n<p><strong>Certifica Minas Caf\u00e9<\/strong><\/p>\n<p>Durante a solenidade, o governador entregou 66 certificados do programa Certifica Minas Caf\u00e9. Os contemplados foram produtores da regi\u00e3o do Tri\u00e2ngulo, com safras referentes aos anos de 2021 e 2022. O Certifica Minas Caf\u00e9, que \u00e9 coordenado pela\u00a0<a href=\"http:\/\/www.agricultura.mg.gov.br\/\" target=\"_blank\" rel=\"noopener\">Secretaria de Agricultura, Pecu\u00e1ria e Abastecimento (Seapa)<\/a>, \u00e9 o primeiro selo de certifica\u00e7\u00e3o de propriedades cafeeiras no Brasil emitido por uma institui\u00e7\u00e3o governamental.<\/p>\n<p>O governador ressaltou as medidas para atrair investimentos em Minas e a melhoria na fabrica\u00e7\u00e3o de produtos agr\u00edcolas. \u201cHoje, o estado \u00e9 o mais seguro do Brasil, e seguran\u00e7a significa mais tranquilidade para quem investe. Temos investido tamb\u00e9m em cursos de forma\u00e7\u00e3o profissional. S\u00e3o mais 100 mil vagas para treinarmos jovens em todas as atividades, muitas delas ligadas ao agroneg\u00f3cio. Sabemos que a falta de m\u00e3o de obra qualificada \u00e9 uma das quest\u00f5es que sempre est\u00e3o em jogo e temos valorizado a produ\u00e7\u00e3o local. Como vimos aqui, caf\u00e9s especiais conseguem algumas vezes ter um pre\u00e7o superior a um caf\u00e9 commodity. O mesmo vale para os queijos e outros produtos feitos em Minas Gerais, que tem nos tornado refer\u00eancia\u201d, ressaltou o governador.<\/p>\n<p><strong>Caf\u00e9\u00a0<\/strong><\/p>\n<p>O estado conta com 651 propriedades cafeeiras certificadas, sendo que 209 s\u00e3o agricultores familiares. Ressalta-se tamb\u00e9m que Minas Gerais \u00e9 o maior produtor nacional de caf\u00e9, alcan\u00e7ando, no ano passado, 22,1 milh\u00f5es de sacas, representando pouco mais de 46% da produ\u00e7\u00e3o nacional.<\/p>\n<p>Entre as vantagens para o produtor aderir ao programa de certifica\u00e7\u00e3o destacam-se a organiza\u00e7\u00e3o da gest\u00e3o da propriedade e a melhora dos processos produtivos, resultando numa produ\u00e7\u00e3o de maior qualidade, abrindo oportunidades de acesso a novos mercados e pre\u00e7os diferenciados.<\/p>\n<p>Para a certifica\u00e7\u00e3o, os cafeicultores s\u00e3o orientados na adequa\u00e7\u00e3o das propriedades \u00e0s boas pr\u00e1ticas de produ\u00e7\u00e3o em todas as fases da atividade, atendendo normas reconhecidas internacionalmente. Ao final do processo, a propriedade passa por uma auditoria para o recebimento da certifica\u00e7\u00e3o, caso os requisitos exigidos tenham sido cumpridos.<\/p>\n<p><strong>Transportes<\/strong><\/p>\n<p>Ainda em Uberl\u00e2ndia, o governador se reuniu com empres\u00e1rios e representantes do Sindicato das Empresas de Transporte de Cargas e Log\u00edstica do Tri\u00e2ngulo Mineiro (Settrim).<\/p>\n<p>No caf\u00e9 da manh\u00e3, realizado na sede do Settrim, ele se encontrou com o l\u00edder do sindicato, Cleiton C\u00e9sar Silva, e demais diretores e empres\u00e1rios que apresentaram propostas e demandas do setor. O Settrim congrega em torno de 4 mil empresas de transporte de cargas em 39 munic\u00edpios do Tri\u00e2ngulo Mineiro e Alto Parana\u00edba.<\/p>\n<p>Fonte: Ag\u00eancia Minas<\/p>\n<\/div>\n<p><\/main><\/p>\n","protected":false},"excerpt":{"rendered":"<p>O governador Romeu Zema cumpriu agendas de trabalho na cidade de Uberl\u00e2ndia, no Tri\u00e2ngulo Mineiro, nesta ter\u00e7a-feira (22\/3). No munic\u00edpio, o chefe do executivo participou da abertura da Feira do Agroneg\u00f3cio Mineiro (Femec), onde entregou certificados do programa Certifica Minas Caf\u00e9 a produtores da regi\u00e3o de Uberl\u00e2ndia. Em sua 9\u00aa edi\u00e7\u00e3o, a Femec \u00e9 considerada [&hellip;]<\/p>\n","protected":false},"author":246,"featured_media":196485,"comment_status":"closed","ping_status":"closed","sticky":false,"template":"","format":"standard","meta":{"footnotes":""},"categories":[436,440,254,439],"tags":[],"class_list":["post-196484","post","type-post","status-publish","format-standard","has-post-thumbnail","hentry","category-destaque-da-semana","category-destaques-do-dia","category-politica","category-ultima-hora"],"_links":{"self":[{"href":"https:\/\/diarioregionaldigital.com.br\/index.php?rest_route=\/wp\/v2\/posts\/196484","targetHints":{"allow":["GET"]}}],"collection":[{"href":"https:\/\/diarioregionaldigital.com.br\/index.php?rest_route=\/wp\/v2\/posts"}],"about":[{"href":"https:\/\/diarioregionaldigital.com.br\/index.php?rest_route=\/wp\/v2\/types\/post"}],"author":[{"embeddable":true,"href":"https:\/\/diarioregionaldigital.com.br\/index.php?rest_route=\/wp\/v2\/users\/246"}],"replies":[{"embeddable":true,"href":"https:\/\/diarioregionaldigital.com.br\/index.php?rest_route=%2Fwp%2Fv2%2Fcomments&post=196484"}],"version-history":[{"count":2,"href":"https:\/\/diarioregionaldigital.com.br\/index.php?rest_route=\/wp\/v2\/posts\/196484\/revisions"}],"predecessor-version":[{"id":196487,"href":"https:\/\/diarioregionaldigital.com.br\/index.php?rest_route=\/wp\/v2\/posts\/196484\/revisions\/196487"}],"wp:featuredmedia":[{"embeddable":true,"href":"https:\/\/diarioregionaldigital.com.br\/index.php?rest_route=\/wp\/v2\/media\/196485"}],"wp:attachment":[{"href":"https:\/\/diarioregionaldigital.com.br\/index.php?rest_route=%2Fwp%2Fv2%2Fmedia&parent=196484"}],"wp:term":[{"taxonomy":"category","embeddable":true,"href":"https:\/\/diarioregionaldigital.com.br\/index.php?rest_route=%2Fwp%2Fv2%2Fcategories&post=196484"},{"taxonomy":"post_tag","embeddable":true,"href":"https:\/\/diarioregionaldigital.com.br\/index.php?rest_route=%2Fwp%2Fv2%2Ftags&post=196484"}],"curies":[{"name":"wp","href":"https:\/\/api.w.org\/{rel}","templated":true}]}}