{"id":196477,"date":"2022-03-22T17:49:58","date_gmt":"2022-03-22T20:49:58","guid":{"rendered":"https:\/\/diarioregionaldigital.com.br\/?p=196477"},"modified":"2022-03-22T17:49:58","modified_gmt":"2022-03-22T20:49:58","slug":"imposto-de-renda-mais-de-58-milhoes-entregaram-declaracao","status":"publish","type":"post","link":"https:\/\/diarioregionaldigital.com.br\/?p=196477","title":{"rendered":"Imposto de Renda: mais de 5,8 milh\u00f5es entregaram declara\u00e7\u00e3o"},"content":{"rendered":"<p>A Receita Federal informou que at\u00e9 ontem (21) j\u00e1 foram entregues ao fisco 5.813.872 declara\u00e7\u00f5es do Imposto de Renda da Pessoa F\u00edsica (IRPF) 2022. A expectativa \u00e9 que 34.100.000 declara\u00e7\u00f5es sejam enviadas at\u00e9 final do prazo em 29 de abril.<img decoding=\"async\" src=\"https:\/\/agenciabrasil.ebc.com.br\/ebc.png?id=1449799&amp;o=node\" \/><img decoding=\"async\" src=\"https:\/\/agenciabrasil.ebc.com.br\/ebc.gif?id=1449799&amp;o=node\" \/><\/p>\n<p>A Receita disse que uma novidade deste ano \u00e9 o acesso ampliado \u00e0 declara\u00e7\u00e3o pr\u00e9-preenchida por meio de todas as plataformas dispon\u00edveis, o recebimento da restitui\u00e7\u00e3o e o pagamento de DARF via PIX,\u00a0 desde que a chave do contribuinte seja o seu CPF.<\/p>\n<p>O Programa Gerador da Declara\u00e7\u00e3o, est\u00e1 dispon\u00edvel no\u00a0<a href=\"https:\/\/www.gov.br\/receitafederal\/pt-br\/centrais-de-conteudo\/download\/pgd\/dirpf\" target=\"_blank\" rel=\"noopener\"><em>site\u00a0<\/em><\/a>da Receita para usu\u00e1rios dos sistemas\u00a0<em>Windows, IOS e Linux<\/em>. Tamb\u00e9m ser\u00e1 poss\u00edvel declarar\u00a0<em>online<\/em>\u00a0ou por dispositivos m\u00f3veis, por meio do\u00a0<em>app<\/em>\u00a0&#8220;Meu Imposto de Renda&#8221;.<\/p>\n<p>S\u00e3o obrigados e declarar o imposto os contribuintes que receberam, em 2021, rendimentos tribut\u00e1veis, sujeitos ao ajuste anual, maiores que R$ 28.559,70. Al\u00e9m desses contribuintes, quem recebeu, no ano passado rendimentos isentos, n\u00e3o tribut\u00e1veis ou tributados exclusivamente na fonte em valor superior a R$ 40 mil, como rendimentos de aplica\u00e7\u00f5es financeiras, doa\u00e7\u00f5es, heran\u00e7as, partilha de div\u00f3rcio, mea\u00e7\u00e3o, indeniza\u00e7\u00f5es, dividendos e juros sobre capital pr\u00f3prio; quem recebeu, em 2021, receita bruta anual decorrente de atividade rural em valor acima do limite de R$ 142.798,50.<\/p>\n<p>Tamb\u00e9m \u00e9 obrigado a declarar o imposto quem tinha, em 31 de dezembro de 2021, a posse ou propriedade de bens e direitos, inclusive terra nua, em valor superior ao limite de R$ 300 mil; as pessoas que obtiveram, em qualquer m\u00eas do ano passado, ganho de capital na aliena\u00e7\u00e3o de bens ou direitos, sujeito \u00e0 incid\u00eancia de imposto ou realizou opera\u00e7\u00f5es em bolsa de valores.<\/p>\n<p>As pessoas que tiveram lucro, em 2021, com a venda de im\u00f3veis residenciais, mas optaram por uma das situa\u00e7\u00f5es de isen\u00e7\u00e3o total ou parcial de imposto de renda sobre o ganho de capital; que pretendem compensar preju\u00edzos da atividade rural ou de opera\u00e7\u00f5es em bolsa de valores; e quem passou \u00e0 condi\u00e7\u00e3o de residente no Brasil, no ano passado, tamb\u00e9m s\u00e3o obrigadas a declarar o imposto.<\/p>\n<p>Fonte: Ag\u00eancia Brasil<\/p>\n","protected":false},"excerpt":{"rendered":"<p>A Receita Federal informou que at\u00e9 ontem (21) j\u00e1 foram entregues ao fisco 5.813.872 declara\u00e7\u00f5es do Imposto de Renda da Pessoa F\u00edsica (IRPF) 2022. A expectativa \u00e9 que 34.100.000 declara\u00e7\u00f5es sejam enviadas at\u00e9 final do prazo em 29 de abril. A Receita disse que uma novidade deste ano \u00e9 o acesso ampliado \u00e0 declara\u00e7\u00e3o pr\u00e9-preenchida [&hellip;]<\/p>\n","protected":false},"author":246,"featured_media":196478,"comment_status":"closed","ping_status":"closed","sticky":false,"template":"","format":"standard","meta":{"footnotes":""},"categories":[436,261,439],"tags":[],"class_list":["post-196477","post","type-post","status-publish","format-standard","has-post-thumbnail","hentry","category-destaque-da-semana","category-economia","category-ultima-hora"],"_links":{"self":[{"href":"https:\/\/diarioregionaldigital.com.br\/index.php?rest_route=\/wp\/v2\/posts\/196477","targetHints":{"allow":["GET"]}}],"collection":[{"href":"https:\/\/diarioregionaldigital.com.br\/index.php?rest_route=\/wp\/v2\/posts"}],"about":[{"href":"https:\/\/diarioregionaldigital.com.br\/index.php?rest_route=\/wp\/v2\/types\/post"}],"author":[{"embeddable":true,"href":"https:\/\/diarioregionaldigital.com.br\/index.php?rest_route=\/wp\/v2\/users\/246"}],"replies":[{"embeddable":true,"href":"https:\/\/diarioregionaldigital.com.br\/index.php?rest_route=%2Fwp%2Fv2%2Fcomments&post=196477"}],"version-history":[{"count":2,"href":"https:\/\/diarioregionaldigital.com.br\/index.php?rest_route=\/wp\/v2\/posts\/196477\/revisions"}],"predecessor-version":[{"id":196480,"href":"https:\/\/diarioregionaldigital.com.br\/index.php?rest_route=\/wp\/v2\/posts\/196477\/revisions\/196480"}],"wp:featuredmedia":[{"embeddable":true,"href":"https:\/\/diarioregionaldigital.com.br\/index.php?rest_route=\/wp\/v2\/media\/196478"}],"wp:attachment":[{"href":"https:\/\/diarioregionaldigital.com.br\/index.php?rest_route=%2Fwp%2Fv2%2Fmedia&parent=196477"}],"wp:term":[{"taxonomy":"category","embeddable":true,"href":"https:\/\/diarioregionaldigital.com.br\/index.php?rest_route=%2Fwp%2Fv2%2Fcategories&post=196477"},{"taxonomy":"post_tag","embeddable":true,"href":"https:\/\/diarioregionaldigital.com.br\/index.php?rest_route=%2Fwp%2Fv2%2Ftags&post=196477"}],"curies":[{"name":"wp","href":"https:\/\/api.w.org\/{rel}","templated":true}]}}