{"id":196474,"date":"2022-03-22T17:48:28","date_gmt":"2022-03-22T20:48:28","guid":{"rendered":"https:\/\/diarioregionaldigital.com.br\/?p=196474"},"modified":"2022-03-22T17:48:28","modified_gmt":"2022-03-22T20:48:28","slug":"ipea-reduz-previsao-de-pib-agropecuario-de-2022-do-pais-para-1","status":"publish","type":"post","link":"https:\/\/diarioregionaldigital.com.br\/?p=196474","title":{"rendered":"Ipea reduz previs\u00e3o de PIB agropecu\u00e1rio de 2022 do pa\u00eds para 1%"},"content":{"rendered":"<p>O Instituto de Pesquisa Econ\u00f4mica Aplicada (Ipea) reduziu sua previs\u00e3o de crescimento do Produto Interno Bruto (PIB) do setor agropecu\u00e1rio brasileiro. A estimativa de alta do valor adicionado\u00a0recuou de 2,8%, segundo a previs\u00e3o divulgada em dezembro de 2021 pelo Ipea, para 1%, de acordo com os dados divulgados\u00a0hoje\u00a0(22).<img decoding=\"async\" src=\"https:\/\/agenciabrasil.ebc.com.br\/ebc.png?id=1449802&amp;o=node\" \/><img decoding=\"async\" src=\"https:\/\/agenciabrasil.ebc.com.br\/ebc.gif?id=1449802&amp;o=node\" \/><\/p>\n<p>A queda foi provocada principalmente pela previs\u00e3o do valor adicionado do setor agr\u00edcola, que caiu de 2,6% em dezembro para 0,3% neste m\u00eas, devido a fatores como a estiagem no sul do pa\u00eds, S\u00e3o Paulo e Mato Grosso do Sul, que causou impacto na produ\u00e7\u00e3o de soja.<\/p>\n<p>A queda na produ\u00e7\u00e3o de soja este ano deve chegar a 35,8% no Rio Grande do Sul e a 40,7% no Paran\u00e1.<\/p>\n<p>As altas estimadas nas produ\u00e7\u00f5es de milho (23,9%) e cana-de-a\u00e7\u00facar (20,6%) evitaram uma queda maior na previs\u00e3o do PIB agropecu\u00e1rio. No entanto, segundo o Ipea, um poss\u00edvel problema clim\u00e1tico que afete essas lavouras pode resultar em queda do valor adicionado agr\u00edcola.4<\/p>\n<p>A estimativa de crescimento do valor adicionado pecu\u00e1rio tamb\u00e9m caiu, mas de forma mais moderada, de 3,6% em dezembro para 3% neste m\u00eas.<\/p>\n<p>O documento divulgado pelo Ipea considerado que o maior risco para o setor pecu\u00e1rio \u00e9 a\u00a0redu\u00e7\u00e3o da demanda por prote\u00ednas animais devido ao aumento dos pre\u00e7os e da expectativa de uma atividade econ\u00f4mica pouco aquecida em 2022.<\/p>\n<p>Fonte: Ag\u00eancia Brasil<\/p>\n","protected":false},"excerpt":{"rendered":"<p>O Instituto de Pesquisa Econ\u00f4mica Aplicada (Ipea) reduziu sua previs\u00e3o de crescimento do Produto Interno Bruto (PIB) do setor agropecu\u00e1rio brasileiro. A estimativa de alta do valor adicionado\u00a0recuou de 2,8%, segundo a previs\u00e3o divulgada em dezembro de 2021 pelo Ipea, para 1%, de acordo com os dados divulgados\u00a0hoje\u00a0(22). A queda foi provocada principalmente pela previs\u00e3o [&hellip;]<\/p>\n","protected":false},"author":246,"featured_media":196475,"comment_status":"closed","ping_status":"closed","sticky":false,"template":"","format":"standard","meta":{"footnotes":""},"categories":[436,261,439],"tags":[],"class_list":["post-196474","post","type-post","status-publish","format-standard","has-post-thumbnail","hentry","category-destaque-da-semana","category-economia","category-ultima-hora"],"_links":{"self":[{"href":"https:\/\/diarioregionaldigital.com.br\/index.php?rest_route=\/wp\/v2\/posts\/196474","targetHints":{"allow":["GET"]}}],"collection":[{"href":"https:\/\/diarioregionaldigital.com.br\/index.php?rest_route=\/wp\/v2\/posts"}],"about":[{"href":"https:\/\/diarioregionaldigital.com.br\/index.php?rest_route=\/wp\/v2\/types\/post"}],"author":[{"embeddable":true,"href":"https:\/\/diarioregionaldigital.com.br\/index.php?rest_route=\/wp\/v2\/users\/246"}],"replies":[{"embeddable":true,"href":"https:\/\/diarioregionaldigital.com.br\/index.php?rest_route=%2Fwp%2Fv2%2Fcomments&post=196474"}],"version-history":[{"count":1,"href":"https:\/\/diarioregionaldigital.com.br\/index.php?rest_route=\/wp\/v2\/posts\/196474\/revisions"}],"predecessor-version":[{"id":196476,"href":"https:\/\/diarioregionaldigital.com.br\/index.php?rest_route=\/wp\/v2\/posts\/196474\/revisions\/196476"}],"wp:featuredmedia":[{"embeddable":true,"href":"https:\/\/diarioregionaldigital.com.br\/index.php?rest_route=\/wp\/v2\/media\/196475"}],"wp:attachment":[{"href":"https:\/\/diarioregionaldigital.com.br\/index.php?rest_route=%2Fwp%2Fv2%2Fmedia&parent=196474"}],"wp:term":[{"taxonomy":"category","embeddable":true,"href":"https:\/\/diarioregionaldigital.com.br\/index.php?rest_route=%2Fwp%2Fv2%2Fcategories&post=196474"},{"taxonomy":"post_tag","embeddable":true,"href":"https:\/\/diarioregionaldigital.com.br\/index.php?rest_route=%2Fwp%2Fv2%2Ftags&post=196474"}],"curies":[{"name":"wp","href":"https:\/\/api.w.org\/{rel}","templated":true}]}}