{"id":196469,"date":"2022-03-22T17:46:48","date_gmt":"2022-03-22T20:46:48","guid":{"rendered":"https:\/\/diarioregionaldigital.com.br\/?p=196469"},"modified":"2022-03-22T17:46:48","modified_gmt":"2022-03-22T20:46:48","slug":"copom-taxa-basica-de-juros-deve-aumentar-novamente-na-proxima-reuniao","status":"publish","type":"post","link":"https:\/\/diarioregionaldigital.com.br\/?p=196469","title":{"rendered":"Copom: taxa b\u00e1sica de juros deve aumentar novamente na pr\u00f3xima reuni\u00e3o"},"content":{"rendered":"<p>O Comit\u00ea de Pol\u00edtica Monet\u00e1ria (Copom) do Banco Central\u00a0disse que o conflito entre R\u00fassia e Ucr\u00e2nia e o choque de oferta de pre\u00e7os de\u00a0<em>commodities\u00a0<\/em>(produtos prim\u00e1rios, com cota\u00e7\u00e3o internacional) levam ao\u00a0aumento da incerteza em torno do cen\u00e1rio econ\u00f4mico mundial, com &#8220;potencial de exacerbar as press\u00f5es inflacion\u00e1rias&#8221;. O comit\u00ea indicou, em\u00a0<a href=\"https:\/\/agenciabrasil.ebc.com.br\/economia\/noticia\/2022-03\/copom-eleva-juros-basicos-da-economia-para-1175-ao-ano\">ata da reuni\u00e3o<\/a>\u00a0realizada na semana passada e divulgada\u00a0hoje\u00a0(22),\u00a0que deve aumentar novamente a taxa b\u00e1sica de juros, a Selic, em um ponto percentual no pr\u00f3ximo\u00a0encontro, no in\u00edcio de maio.<img decoding=\"async\" src=\"https:\/\/agenciabrasil.ebc.com.br\/ebc.png?id=1449785&amp;o=node\" \/><img decoding=\"async\" src=\"https:\/\/agenciabrasil.ebc.com.br\/ebc.gif?id=1449785&amp;o=node\" \/><\/p>\n<p>Na \u00faltima\u00a0quarta-feira (16),\u00a0o Copom decidiu, por unanimidade, elevar em 1 ponto percentual a Selic, que agora est\u00e1 em 11,75% ao ano. Na avalia\u00e7\u00e3o do comit\u00ea, o conflito entre R\u00fassia e Ucr\u00e2nia resultou em &#8220;novo impulso\u201d nas cadeias de produ\u00e7\u00e3o globais, com as san\u00e7\u00f5es impostas \u00e0 R\u00fassia, podendo levar a &#8220;press\u00f5es inflacion\u00e1rias mais prolongadas&#8221; na produ\u00e7\u00e3o de bens.<\/p>\n<p>&#8220;A reorganiza\u00e7\u00e3o das cadeias de globais, com a cria\u00e7\u00e3o de redund\u00e2ncias na produ\u00e7\u00e3o, no suprimento de insumos e mudan\u00e7a no tratamento dos estoques de bens (no sentido de se deter maiores estoques), ganhou novo impulso com o conflito na Europa e as san\u00e7\u00f5es aplicadas \u00e0 R\u00fassia&#8221;, diz a ata.<\/p>\n<p>O comit\u00ea disse ainda que a infla\u00e7\u00e3o ao consumidor segue elevada, &#8220;com alta disseminada entre v\u00e1rios componentes, e mais persistente que o antecipado&#8221;. Ressaltou que as diferentes medidas\u00a0 mostram que a infla\u00e7\u00e3o deve permanecer &#8220;acima do intervalo compat\u00edvel com o cumprimento da meta&#8221;, que \u00e9 de 3,5%,\u00a0 com varia\u00e7\u00e3o de 1,5 ponto percentual.<\/p>\n<p>&#8220;A alta nos pre\u00e7os dos bens industriais n\u00e3o arrefeceu e deve persistir no curto prazo, enquanto a infla\u00e7\u00e3o de servi\u00e7os acelerou ainda mais. As leituras recentes vieram acima do esperado, e a surpresa ocorreu tanto nos componentes mais vol\u00e1teis quanto\u00a0nos mais associados \u00e0 infla\u00e7\u00e3o subjacente&#8221;, diz o Copom.<\/p>\n<p>Na vis\u00e3o do comit\u00ea, o cen\u00e1rio \u201crecomenda que a pol\u00edtica monet\u00e1ria reaja aos impactos secund\u00e1rios desse tipo de choque\u201d. Com isso, o Copom tamb\u00e9m passou a trabalhar com\u00a0cen\u00e1rio alternativo, no qual o barril de petr\u00f3leo passe a custar US$ 121 no fim de 2023, valor bem acima das proje\u00e7\u00f5es de mercado.<\/p>\n<p>&#8220;O comit\u00ea observou que o atual ambiente de incerteza e volatilidade elevadas demanda serenidade para a avalia\u00e7\u00e3o dos impactos de longo prazo do atual choque e, portanto, optou por comparar essa hip\u00f3tese com os pre\u00e7os de contratos futuros de petr\u00f3leo, negociados em bolsas internacionais, e com proje\u00e7\u00f5es de ag\u00eancias do setor&#8221;.<\/p>\n<p>Com base nesse cen\u00e1rio, o Copom informou\u00a0que optou por trajet\u00f3ria de juros mais tempestiva e que essa prefer\u00eancia expressa cautela em rela\u00e7\u00e3o \u00e0s probabilidades atribu\u00eddas aos cen\u00e1rios levantados, a mensura\u00e7\u00e3o dos efeitos de\u00a0segunda\u00a0ordem, bem como seu comprometimento com a converg\u00eancia da infla\u00e7\u00e3o e das expectativas para as metas de infla\u00e7\u00e3o no horizonte relevante.<\/p>\n<p>O comit\u00ea reconheceu, entretanto, que o cen\u00e1rio \u00e9 &#8220;desafiador para a converg\u00eancia da infla\u00e7\u00e3o \u00e0s suas metas&#8221; e disse que estar\u00e1 pronto para ajustar o tamanho do ciclo de aperto monet\u00e1rio, caso o cen\u00e1rio evolua desfavoravelmente.<\/p>\n<p>&#8220;Com base nesses resultados, os membros do Copom debateram a estrat\u00e9gia mais apropriada. Concluiu-se que um novo ajuste de 1 ponto percentual, seguido de ajuste adicional de mesma magnitude, \u00e9 a estrat\u00e9gia mais adequada para atingir aperto monet\u00e1rio suficiente e garantir a converg\u00eancia da infla\u00e7\u00e3o ao longo do horizonte relevante, assim como a ancoragem das expectativas de prazos mais longos&#8221;, diz a ata.<\/p>\n<p>Fonte: Ag\u00eancia Brasil<\/p>\n","protected":false},"excerpt":{"rendered":"<p>O Comit\u00ea de Pol\u00edtica Monet\u00e1ria (Copom) do Banco Central\u00a0disse que o conflito entre R\u00fassia e Ucr\u00e2nia e o choque de oferta de pre\u00e7os de\u00a0commodities\u00a0(produtos prim\u00e1rios, com cota\u00e7\u00e3o internacional) levam ao\u00a0aumento da incerteza em torno do cen\u00e1rio econ\u00f4mico mundial, com &#8220;potencial de exacerbar as press\u00f5es inflacion\u00e1rias&#8221;. O comit\u00ea indicou, em\u00a0ata da reuni\u00e3o\u00a0realizada na semana passada e [&hellip;]<\/p>\n","protected":false},"author":246,"featured_media":196471,"comment_status":"closed","ping_status":"closed","sticky":false,"template":"","format":"standard","meta":{"footnotes":""},"categories":[436,261,439],"tags":[],"class_list":["post-196469","post","type-post","status-publish","format-standard","has-post-thumbnail","hentry","category-destaque-da-semana","category-economia","category-ultima-hora"],"_links":{"self":[{"href":"https:\/\/diarioregionaldigital.com.br\/index.php?rest_route=\/wp\/v2\/posts\/196469","targetHints":{"allow":["GET"]}}],"collection":[{"href":"https:\/\/diarioregionaldigital.com.br\/index.php?rest_route=\/wp\/v2\/posts"}],"about":[{"href":"https:\/\/diarioregionaldigital.com.br\/index.php?rest_route=\/wp\/v2\/types\/post"}],"author":[{"embeddable":true,"href":"https:\/\/diarioregionaldigital.com.br\/index.php?rest_route=\/wp\/v2\/users\/246"}],"replies":[{"embeddable":true,"href":"https:\/\/diarioregionaldigital.com.br\/index.php?rest_route=%2Fwp%2Fv2%2Fcomments&post=196469"}],"version-history":[{"count":2,"href":"https:\/\/diarioregionaldigital.com.br\/index.php?rest_route=\/wp\/v2\/posts\/196469\/revisions"}],"predecessor-version":[{"id":196473,"href":"https:\/\/diarioregionaldigital.com.br\/index.php?rest_route=\/wp\/v2\/posts\/196469\/revisions\/196473"}],"wp:featuredmedia":[{"embeddable":true,"href":"https:\/\/diarioregionaldigital.com.br\/index.php?rest_route=\/wp\/v2\/media\/196471"}],"wp:attachment":[{"href":"https:\/\/diarioregionaldigital.com.br\/index.php?rest_route=%2Fwp%2Fv2%2Fmedia&parent=196469"}],"wp:term":[{"taxonomy":"category","embeddable":true,"href":"https:\/\/diarioregionaldigital.com.br\/index.php?rest_route=%2Fwp%2Fv2%2Fcategories&post=196469"},{"taxonomy":"post_tag","embeddable":true,"href":"https:\/\/diarioregionaldigital.com.br\/index.php?rest_route=%2Fwp%2Fv2%2Ftags&post=196469"}],"curies":[{"name":"wp","href":"https:\/\/api.w.org\/{rel}","templated":true}]}}