{"id":196466,"date":"2022-03-22T10:46:03","date_gmt":"2022-03-22T13:46:03","guid":{"rendered":"https:\/\/diarioregionaldigital.com.br\/?p=196466"},"modified":"2022-03-22T10:46:03","modified_gmt":"2022-03-22T13:46:03","slug":"policia-militar-prende-autor-de-trafico-de-drogas-no-santa-cruz","status":"publish","type":"post","link":"https:\/\/diarioregionaldigital.com.br\/?p=196466","title":{"rendered":"Pol\u00edcia Militar prende autor de tr\u00e1fico de drogas no Santa Cruz"},"content":{"rendered":"<p>No dia 22mar22 por volta das 00h04min, durante patrulhamento pela rua J\u00falio Dias da Silva, a guarni\u00e7\u00e3o policial deparou com o autor que tentou evadir e foi alcan\u00e7ado, sendo localizado com ele 53 pedras de crack, 45 buchas de maconha e R$ 17,00. Autor preso e conduzido \u00e0 Delegacia.<\/p>\n","protected":false},"excerpt":{"rendered":"<p>No dia 22mar22 por volta das 00h04min, durante patrulhamento pela rua J\u00falio Dias da Silva, a guarni\u00e7\u00e3o policial deparou com o autor que tentou evadir e foi alcan\u00e7ado, sendo localizado com ele 53 pedras de crack, 45 buchas de maconha e R$ 17,00. Autor preso e conduzido \u00e0 Delegacia.<\/p>\n","protected":false},"author":246,"featured_media":196467,"comment_status":"closed","ping_status":"closed","sticky":false,"template":"","format":"standard","meta":{"footnotes":""},"categories":[301,436,439],"tags":[],"class_list":["post-196466","post","type-post","status-publish","format-standard","has-post-thumbnail","hentry","category-artigos-policiais","category-destaque-da-semana","category-ultima-hora"],"_links":{"self":[{"href":"https:\/\/diarioregionaldigital.com.br\/index.php?rest_route=\/wp\/v2\/posts\/196466","targetHints":{"allow":["GET"]}}],"collection":[{"href":"https:\/\/diarioregionaldigital.com.br\/index.php?rest_route=\/wp\/v2\/posts"}],"about":[{"href":"https:\/\/diarioregionaldigital.com.br\/index.php?rest_route=\/wp\/v2\/types\/post"}],"author":[{"embeddable":true,"href":"https:\/\/diarioregionaldigital.com.br\/index.php?rest_route=\/wp\/v2\/users\/246"}],"replies":[{"embeddable":true,"href":"https:\/\/diarioregionaldigital.com.br\/index.php?rest_route=%2Fwp%2Fv2%2Fcomments&post=196466"}],"version-history":[{"count":1,"href":"https:\/\/diarioregionaldigital.com.br\/index.php?rest_route=\/wp\/v2\/posts\/196466\/revisions"}],"predecessor-version":[{"id":196468,"href":"https:\/\/diarioregionaldigital.com.br\/index.php?rest_route=\/wp\/v2\/posts\/196466\/revisions\/196468"}],"wp:featuredmedia":[{"embeddable":true,"href":"https:\/\/diarioregionaldigital.com.br\/index.php?rest_route=\/wp\/v2\/media\/196467"}],"wp:attachment":[{"href":"https:\/\/diarioregionaldigital.com.br\/index.php?rest_route=%2Fwp%2Fv2%2Fmedia&parent=196466"}],"wp:term":[{"taxonomy":"category","embeddable":true,"href":"https:\/\/diarioregionaldigital.com.br\/index.php?rest_route=%2Fwp%2Fv2%2Fcategories&post=196466"},{"taxonomy":"post_tag","embeddable":true,"href":"https:\/\/diarioregionaldigital.com.br\/index.php?rest_route=%2Fwp%2Fv2%2Ftags&post=196466"}],"curies":[{"name":"wp","href":"https:\/\/api.w.org\/{rel}","templated":true}]}}