{"id":196458,"date":"2022-03-21T19:31:56","date_gmt":"2022-03-21T22:31:56","guid":{"rendered":"https:\/\/diarioregionaldigital.com.br\/?p=196458"},"modified":"2022-03-21T19:31:56","modified_gmt":"2022-03-21T22:31:56","slug":"programa-boniteza-atua-no-corrego-do-igrejinha-e-em-outros-locais-de-juiz-de-fora","status":"publish","type":"post","link":"https:\/\/diarioregionaldigital.com.br\/?p=196458","title":{"rendered":"Programa Boniteza atua no c\u00f3rrego do Igrejinha e em outros locais de Juiz de Fora"},"content":{"rendered":"<p>Segundo informa\u00e7\u00f5es do site da Prefeitura de Juiz de Fora, o Departamento Municipal de Limpeza Urbana (Demlurb) da Prefeitura de Juiz de Fora (PJF) segue levando o programa Boniteza para v\u00e1rias \u00e1reas de Juiz de Fora. Nesta segunda-feira, 21, equipes realizaram ro\u00e7ada, capina e remo\u00e7\u00e3o de res\u00edduos nas margens do c\u00f3rrego do Igrejinha. Outras turmas atuam com o mesmo servi\u00e7o nas margens do Rio Paraibuna, na regi\u00e3o Central da cidade, e no Est\u00e1dio Municipal Radialista M\u00e1rio Hel\u00eanio, no bairro Aeroporto.<br \/>\nEquipes de capina levaram o servi\u00e7o para vias dos bairros S\u00e3o Benedito, Parque Independ\u00eancia e Linhares. A\u00e7\u00f5es de recolhimento de res\u00edduos est\u00e3o sendo feitas no escad\u00e3o do bairro Nossa Senhora Aparecida; nas margens do Rio Paraibuna, na Avenida Brasil e no trevo de acesso ao Viaduto Augusto Franco, na regi\u00e3o Central da cidade; no loteamento S\u00e3o Carlos, no bairro Nossa Senhora de Lourdes; e na Rua Roque Picorelli, no bairro Graja\u00fa.<br \/>\n<strong>Gabinete de A\u00e7\u00e3o e Di\u00e1logo Comunit\u00e1rio<\/strong><br \/>\nAs solicita\u00e7\u00f5es de servi\u00e7os de zeladoria devem ser feitas no Gabinete de A\u00e7\u00e3o e Di\u00e1logo Comunit\u00e1rio, que recebe e organiza os pedidos em um sistema integrado com outros setores da Prefeitura. O contato pode ser feito pelo telefone (32) 3690-7241, atrav\u00e9s de liga\u00e7\u00e3o ou via WhatsApp para o mesmo n\u00famero.<br \/>\nDiariamente, a Secretaria de Governo disponibiliza a lista dos servi\u00e7os que ser\u00e3o realizados pela PJF em cada bairro por meio do<strong>\u00a0<\/strong><a href=\"https:\/\/www.pjf.mg.gov.br\/gabinetecomunitario\/\"><strong>site especial<\/strong><\/a><strong>\u00a0<\/strong>criado pela Secretaria de Comunica\u00e7\u00e3o P\u00fablica (Secom).<br \/>\n<strong>\u201cDemlurb Informa\u201d<\/strong><br \/>\nNo site do Demlurb est\u00e3o dispon\u00edveis informa\u00e7\u00f5es sobre alguns dos principais servi\u00e7os relacionados a descarte de res\u00edduos e suas especifica\u00e7\u00f5es, locais de entrega, dados estat\u00edsticos, parcerias e conv\u00eanios com o \u00f3rg\u00e3o p\u00fablico municipal, atrav\u00e9s do menu\u00a0<a href=\"https:\/\/demlurb.pjf.mg.gov.br\/demlurb_informa.php\"><strong>Demlurb Informa<\/strong><\/a><strong>.<\/strong><\/p>\n<p><strong>Outras informa\u00e7\u00f5es:<\/strong><\/p>\n<p>(32) 3690-3537 &#8211; Departamento Municipal de Limpeza Urbana (Demlurb).<\/p>\n<p>&nbsp;<\/p>\n<p><strong>Se voc\u00ea tem interesse em receber esta e outras not\u00edcias da PJF diretamente no WhatsApp, entre no nosso grupo\u00a0<\/strong><a href=\"https:\/\/chat.whatsapp.com\/FxQ0Mw2LlRh41IOaba3BXk\"><strong>\u201cCentral Not\u00edcias PJF\u201d<\/strong><\/a><\/p>\n","protected":false},"excerpt":{"rendered":"<p>Segundo informa\u00e7\u00f5es do site da Prefeitura de Juiz de Fora, o Departamento Municipal de Limpeza Urbana (Demlurb) da Prefeitura de Juiz de Fora (PJF) segue levando o programa Boniteza para v\u00e1rias \u00e1reas de Juiz de Fora. Nesta segunda-feira, 21, equipes realizaram ro\u00e7ada, capina e remo\u00e7\u00e3o de res\u00edduos nas margens do c\u00f3rrego do Igrejinha. Outras turmas [&hellip;]<\/p>\n","protected":false},"author":246,"featured_media":196459,"comment_status":"closed","ping_status":"closed","sticky":false,"template":"","format":"standard","meta":{"footnotes":""},"categories":[253,436,439],"tags":[],"class_list":["post-196458","post","type-post","status-publish","format-standard","has-post-thumbnail","hentry","category-cidade","category-destaque-da-semana","category-ultima-hora"],"_links":{"self":[{"href":"https:\/\/diarioregionaldigital.com.br\/index.php?rest_route=\/wp\/v2\/posts\/196458","targetHints":{"allow":["GET"]}}],"collection":[{"href":"https:\/\/diarioregionaldigital.com.br\/index.php?rest_route=\/wp\/v2\/posts"}],"about":[{"href":"https:\/\/diarioregionaldigital.com.br\/index.php?rest_route=\/wp\/v2\/types\/post"}],"author":[{"embeddable":true,"href":"https:\/\/diarioregionaldigital.com.br\/index.php?rest_route=\/wp\/v2\/users\/246"}],"replies":[{"embeddable":true,"href":"https:\/\/diarioregionaldigital.com.br\/index.php?rest_route=%2Fwp%2Fv2%2Fcomments&post=196458"}],"version-history":[{"count":1,"href":"https:\/\/diarioregionaldigital.com.br\/index.php?rest_route=\/wp\/v2\/posts\/196458\/revisions"}],"predecessor-version":[{"id":196460,"href":"https:\/\/diarioregionaldigital.com.br\/index.php?rest_route=\/wp\/v2\/posts\/196458\/revisions\/196460"}],"wp:featuredmedia":[{"embeddable":true,"href":"https:\/\/diarioregionaldigital.com.br\/index.php?rest_route=\/wp\/v2\/media\/196459"}],"wp:attachment":[{"href":"https:\/\/diarioregionaldigital.com.br\/index.php?rest_route=%2Fwp%2Fv2%2Fmedia&parent=196458"}],"wp:term":[{"taxonomy":"category","embeddable":true,"href":"https:\/\/diarioregionaldigital.com.br\/index.php?rest_route=%2Fwp%2Fv2%2Fcategories&post=196458"},{"taxonomy":"post_tag","embeddable":true,"href":"https:\/\/diarioregionaldigital.com.br\/index.php?rest_route=%2Fwp%2Fv2%2Ftags&post=196458"}],"curies":[{"name":"wp","href":"https:\/\/api.w.org\/{rel}","templated":true}]}}