{"id":196454,"date":"2022-03-21T19:30:38","date_gmt":"2022-03-21T22:30:38","guid":{"rendered":"https:\/\/diarioregionaldigital.com.br\/?p=196454"},"modified":"2022-03-21T19:30:38","modified_gmt":"2022-03-21T22:30:38","slug":"secretaria-de-obras-realiza-troca-de-lampadas-em-dias-tavares","status":"publish","type":"post","link":"https:\/\/diarioregionaldigital.com.br\/?p=196454","title":{"rendered":"Secretaria de Obras realiza troca de l\u00e2mpadas em Dias Tavares"},"content":{"rendered":"<p>Segundo informa\u00e7\u00f5es do site da Prefeitura de Juiz de Fora, a Secretaria de Obras (SO) da Prefeitura de Juiz de Fora (PJF) realizou a troca de 41 lumin\u00e1rias em Dias Tavares. Todos os postes da principal via foram equipados com ilumina\u00e7\u00e3o LED, al\u00e9m da expans\u00e3o do n\u00famero de postes na rua. As novas l\u00e2mpadas possuem 80watts e geram uma economia ao munic\u00edpio, al\u00e9m de trazer mais seguran\u00e7a \u00e0 regi\u00e3o. Por serem mais eficientes, as l\u00e2mpadas possuem menos necessidades de reparo e menos falhas, fazendo com que a manuten\u00e7\u00e3o seja menos frequente.<\/p>\n<p>&nbsp;<\/p>\n","protected":false},"excerpt":{"rendered":"<p>Segundo informa\u00e7\u00f5es do site da Prefeitura de Juiz de Fora, a Secretaria de Obras (SO) da Prefeitura de Juiz de Fora (PJF) realizou a troca de 41 lumin\u00e1rias em Dias Tavares. Todos os postes da principal via foram equipados com ilumina\u00e7\u00e3o LED, al\u00e9m da expans\u00e3o do n\u00famero de postes na rua. As novas l\u00e2mpadas possuem [&hellip;]<\/p>\n","protected":false},"author":246,"featured_media":196455,"comment_status":"closed","ping_status":"closed","sticky":false,"template":"","format":"standard","meta":{"footnotes":""},"categories":[253,436,439],"tags":[],"class_list":["post-196454","post","type-post","status-publish","format-standard","has-post-thumbnail","hentry","category-cidade","category-destaque-da-semana","category-ultima-hora"],"_links":{"self":[{"href":"https:\/\/diarioregionaldigital.com.br\/index.php?rest_route=\/wp\/v2\/posts\/196454","targetHints":{"allow":["GET"]}}],"collection":[{"href":"https:\/\/diarioregionaldigital.com.br\/index.php?rest_route=\/wp\/v2\/posts"}],"about":[{"href":"https:\/\/diarioregionaldigital.com.br\/index.php?rest_route=\/wp\/v2\/types\/post"}],"author":[{"embeddable":true,"href":"https:\/\/diarioregionaldigital.com.br\/index.php?rest_route=\/wp\/v2\/users\/246"}],"replies":[{"embeddable":true,"href":"https:\/\/diarioregionaldigital.com.br\/index.php?rest_route=%2Fwp%2Fv2%2Fcomments&post=196454"}],"version-history":[{"count":2,"href":"https:\/\/diarioregionaldigital.com.br\/index.php?rest_route=\/wp\/v2\/posts\/196454\/revisions"}],"predecessor-version":[{"id":196457,"href":"https:\/\/diarioregionaldigital.com.br\/index.php?rest_route=\/wp\/v2\/posts\/196454\/revisions\/196457"}],"wp:featuredmedia":[{"embeddable":true,"href":"https:\/\/diarioregionaldigital.com.br\/index.php?rest_route=\/wp\/v2\/media\/196455"}],"wp:attachment":[{"href":"https:\/\/diarioregionaldigital.com.br\/index.php?rest_route=%2Fwp%2Fv2%2Fmedia&parent=196454"}],"wp:term":[{"taxonomy":"category","embeddable":true,"href":"https:\/\/diarioregionaldigital.com.br\/index.php?rest_route=%2Fwp%2Fv2%2Fcategories&post=196454"},{"taxonomy":"post_tag","embeddable":true,"href":"https:\/\/diarioregionaldigital.com.br\/index.php?rest_route=%2Fwp%2Fv2%2Ftags&post=196454"}],"curies":[{"name":"wp","href":"https:\/\/api.w.org\/{rel}","templated":true}]}}