{"id":196451,"date":"2022-03-21T19:28:21","date_gmt":"2022-03-21T22:28:21","guid":{"rendered":"https:\/\/diarioregionaldigital.com.br\/?p=196451"},"modified":"2022-03-21T19:28:21","modified_gmt":"2022-03-21T22:28:21","slug":"rua-americo-luz-tera-interdicao-total-para-obras-nesta-terca-feira","status":"publish","type":"post","link":"https:\/\/diarioregionaldigital.com.br\/?p=196451","title":{"rendered":"Rua Am\u00e9rico Luz ter\u00e1 interdi\u00e7\u00e3o total para obras nesta ter\u00e7a-feira"},"content":{"rendered":"<p>Segundo informa\u00e7\u00f5es do site da Prefeitura de Juiz de Fora,\u00a0 devido \u00e0 uma interven\u00e7\u00e3o emergencial da Secretaria de Obras (SO) no bairro Manoel Hon\u00f3rio, a Rua Am\u00e9rico Luz, no trecho entre a Rua Am\u00e9rico Lobo e a Avenida Governador Valadares, ficar\u00e1 interditada durante esta ter\u00e7a-feira, 22, a partir das 8h. Os motoristas e as linhas de \u00f4nibus que trafegam no local ter\u00e3o o trajeto alterado, utilizando como desvio a Rua Jo\u00e3o do Rio.<br \/>\nA Secretaria de Mobilidade Urbana (SMU) vai sinalizar o trecho e os agentes de tr\u00e2nsito v\u00e3o monitorar o local durante toda a execu\u00e7\u00e3o da obra.<\/p>\n","protected":false},"excerpt":{"rendered":"<p>Segundo informa\u00e7\u00f5es do site da Prefeitura de Juiz de Fora,\u00a0 devido \u00e0 uma interven\u00e7\u00e3o emergencial da Secretaria de Obras (SO) no bairro Manoel Hon\u00f3rio, a Rua Am\u00e9rico Luz, no trecho entre a Rua Am\u00e9rico Lobo e a Avenida Governador Valadares, ficar\u00e1 interditada durante esta ter\u00e7a-feira, 22, a partir das 8h. Os motoristas e as linhas [&hellip;]<\/p>\n","protected":false},"author":246,"featured_media":196452,"comment_status":"closed","ping_status":"closed","sticky":false,"template":"","format":"standard","meta":{"footnotes":""},"categories":[253,436,439],"tags":[],"class_list":["post-196451","post","type-post","status-publish","format-standard","has-post-thumbnail","hentry","category-cidade","category-destaque-da-semana","category-ultima-hora"],"_links":{"self":[{"href":"https:\/\/diarioregionaldigital.com.br\/index.php?rest_route=\/wp\/v2\/posts\/196451","targetHints":{"allow":["GET"]}}],"collection":[{"href":"https:\/\/diarioregionaldigital.com.br\/index.php?rest_route=\/wp\/v2\/posts"}],"about":[{"href":"https:\/\/diarioregionaldigital.com.br\/index.php?rest_route=\/wp\/v2\/types\/post"}],"author":[{"embeddable":true,"href":"https:\/\/diarioregionaldigital.com.br\/index.php?rest_route=\/wp\/v2\/users\/246"}],"replies":[{"embeddable":true,"href":"https:\/\/diarioregionaldigital.com.br\/index.php?rest_route=%2Fwp%2Fv2%2Fcomments&post=196451"}],"version-history":[{"count":1,"href":"https:\/\/diarioregionaldigital.com.br\/index.php?rest_route=\/wp\/v2\/posts\/196451\/revisions"}],"predecessor-version":[{"id":196453,"href":"https:\/\/diarioregionaldigital.com.br\/index.php?rest_route=\/wp\/v2\/posts\/196451\/revisions\/196453"}],"wp:featuredmedia":[{"embeddable":true,"href":"https:\/\/diarioregionaldigital.com.br\/index.php?rest_route=\/wp\/v2\/media\/196452"}],"wp:attachment":[{"href":"https:\/\/diarioregionaldigital.com.br\/index.php?rest_route=%2Fwp%2Fv2%2Fmedia&parent=196451"}],"wp:term":[{"taxonomy":"category","embeddable":true,"href":"https:\/\/diarioregionaldigital.com.br\/index.php?rest_route=%2Fwp%2Fv2%2Fcategories&post=196451"},{"taxonomy":"post_tag","embeddable":true,"href":"https:\/\/diarioregionaldigital.com.br\/index.php?rest_route=%2Fwp%2Fv2%2Ftags&post=196451"}],"curies":[{"name":"wp","href":"https:\/\/api.w.org\/{rel}","templated":true}]}}