{"id":196447,"date":"2022-03-21T19:26:33","date_gmt":"2022-03-21T22:26:33","guid":{"rendered":"https:\/\/diarioregionaldigital.com.br\/?p=196447"},"modified":"2022-03-21T19:26:33","modified_gmt":"2022-03-21T22:26:33","slug":"smu-participa-de-operacao-da-policia-militar-para-seguranca-na-cidade","status":"publish","type":"post","link":"https:\/\/diarioregionaldigital.com.br\/?p=196447","title":{"rendered":"SMU participa de opera\u00e7\u00e3o da Pol\u00edcia Militar para seguran\u00e7a na cidade"},"content":{"rendered":"<p>Segundo informa\u00e7\u00f5es do site da Prefeitura de Juiz de Fora, os agentes de transporte e tr\u00e2nsito da Secretaria de Mobilidade Urbana (SMU) da Prefeitura de Juiz de Fora (PJF), juntamente com a Pol\u00edcia Militar (PM), realizaram neste final de semana, nos dias 19 e 20, a Opera\u00e7\u00e3o Guardi\u00e3o, que tem como intuito aumentar a seguran\u00e7a das vias da cidade. A a\u00e7\u00e3o esteve presente em diversas regi\u00f5es da cidade e em turnos diferentes.<\/p>\n<p>No s\u00e1bado, 19, iniciou na Avenida Brasil, no bairro Po\u00e7o Rico, seguindo para a Pra\u00e7a \u00c1ureo Gomes Carneiro, no bairro Grama. Na parte da noite a opera\u00e7\u00e3o se deslocou para pontos de intensa atividade noturna, como a Rua Moraes e Castro, no bairro Alto dos Passos, e finalizando na Avenida Deusdedith Salgado, no bairro Teixeiras.<\/p>\n<p>O domingo, 20, tamb\u00e9m abriu a opera\u00e7\u00e3o na Avenida Brasil, desta vez no bairro S\u00e3o Dimas, na Zona Norte da cidade. Em seguida, os agentes prosseguiram para a Avenida Garibaldi Campinhos, no bairro Vitorino Braga. Ao anoitecer, seguiram para a Rua Jarbas de Lery Santos, no Centro, e encerraram a opera\u00e7\u00e3o na Rua Moraes e Castro, no Bairro Alto dos Passos.<\/p>\n<p>Informa\u00e7\u00f5es e den\u00fancias<\/p>\n<p>Den\u00fancias, elogios ou sugest\u00f5es relacionados ao servi\u00e7o de transporte coletivo ou escolar podem ser feitos \u00e0 SMU, atrav\u00e9s do 3690-8218, ou da Plataforma Prefeitura \u00c1gil. Em casos de flagrante de infra\u00e7\u00e3o de tr\u00e2nsito, a equipe de agentes de fiscaliza\u00e7\u00e3o pode ser acionada atrav\u00e9s do 2104-7400 (Central de Opera\u00e7\u00f5es dos Agentes de Transporte e Tr\u00e2nsito da SMU).<\/p>\n<p>&nbsp;<\/p>\n","protected":false},"excerpt":{"rendered":"<p>Segundo informa\u00e7\u00f5es do site da Prefeitura de Juiz de Fora, os agentes de transporte e tr\u00e2nsito da Secretaria de Mobilidade Urbana (SMU) da Prefeitura de Juiz de Fora (PJF), juntamente com a Pol\u00edcia Militar (PM), realizaram neste final de semana, nos dias 19 e 20, a Opera\u00e7\u00e3o Guardi\u00e3o, que tem como intuito aumentar a seguran\u00e7a [&hellip;]<\/p>\n","protected":false},"author":246,"featured_media":196448,"comment_status":"closed","ping_status":"closed","sticky":false,"template":"","format":"standard","meta":{"footnotes":""},"categories":[253,436,440,439],"tags":[],"class_list":["post-196447","post","type-post","status-publish","format-standard","has-post-thumbnail","hentry","category-cidade","category-destaque-da-semana","category-destaques-do-dia","category-ultima-hora"],"_links":{"self":[{"href":"https:\/\/diarioregionaldigital.com.br\/index.php?rest_route=\/wp\/v2\/posts\/196447","targetHints":{"allow":["GET"]}}],"collection":[{"href":"https:\/\/diarioregionaldigital.com.br\/index.php?rest_route=\/wp\/v2\/posts"}],"about":[{"href":"https:\/\/diarioregionaldigital.com.br\/index.php?rest_route=\/wp\/v2\/types\/post"}],"author":[{"embeddable":true,"href":"https:\/\/diarioregionaldigital.com.br\/index.php?rest_route=\/wp\/v2\/users\/246"}],"replies":[{"embeddable":true,"href":"https:\/\/diarioregionaldigital.com.br\/index.php?rest_route=%2Fwp%2Fv2%2Fcomments&post=196447"}],"version-history":[{"count":2,"href":"https:\/\/diarioregionaldigital.com.br\/index.php?rest_route=\/wp\/v2\/posts\/196447\/revisions"}],"predecessor-version":[{"id":196450,"href":"https:\/\/diarioregionaldigital.com.br\/index.php?rest_route=\/wp\/v2\/posts\/196447\/revisions\/196450"}],"wp:featuredmedia":[{"embeddable":true,"href":"https:\/\/diarioregionaldigital.com.br\/index.php?rest_route=\/wp\/v2\/media\/196448"}],"wp:attachment":[{"href":"https:\/\/diarioregionaldigital.com.br\/index.php?rest_route=%2Fwp%2Fv2%2Fmedia&parent=196447"}],"wp:term":[{"taxonomy":"category","embeddable":true,"href":"https:\/\/diarioregionaldigital.com.br\/index.php?rest_route=%2Fwp%2Fv2%2Fcategories&post=196447"},{"taxonomy":"post_tag","embeddable":true,"href":"https:\/\/diarioregionaldigital.com.br\/index.php?rest_route=%2Fwp%2Fv2%2Ftags&post=196447"}],"curies":[{"name":"wp","href":"https:\/\/api.w.org\/{rel}","templated":true}]}}