{"id":196444,"date":"2022-03-21T19:22:14","date_gmt":"2022-03-21T22:22:14","guid":{"rendered":"https:\/\/diarioregionaldigital.com.br\/?p=196444"},"modified":"2022-03-21T19:22:14","modified_gmt":"2022-03-21T22:22:14","slug":"grand-prix-de-judo-paralimpico-abre-ciclo-marcado-por-novas-regras","status":"publish","type":"post","link":"https:\/\/diarioregionaldigital.com.br\/?p=196444","title":{"rendered":"Grand Prix de jud\u00f4 paral\u00edmpico abre ciclo marcado por novas regras"},"content":{"rendered":"<p>O Centro de Treinamento Paral\u00edmpico, em S\u00e3o Paulo, recebeu, no s\u00e1bado (19), o Grand Prix de Jud\u00f4 Paral\u00edmpico, primeiro evento nacional da modalidade sob as novas regras da Federa\u00e7\u00e3o Internacional de Esportes para Cegos (Ibsa, na sigla em ingl\u00eas). O torneio reuniu 117 atletas do pa\u00eds, alguns deles medalhistas e campe\u00f5es paral\u00edmpicos.<img decoding=\"async\" src=\"https:\/\/agenciabrasil.ebc.com.br\/ebc.png?id=1449516&amp;o=node\" \/><img decoding=\"async\" src=\"https:\/\/agenciabrasil.ebc.com.br\/ebc.gif?id=1449516&amp;o=node\" \/><\/p>\n<p>A partir de agora, judocas totalmente cegos passam a competir separados daqueles com baixa vis\u00e3o. At\u00e9 a Paralimp\u00edada de T\u00f3quio (Jap\u00e3o), no ano passado, todos lutavam juntos, independente da classifica\u00e7\u00e3o oftalmol\u00f3gica. Em contrapartida, o n\u00famero de categorias de peso diminuiu de 13 (sete no masculino e seis no feminino) para oito (quatro por g\u00eanero).<\/p>\n<p>\u201cPosso dizer que fui privilegiada, j\u00e1 que a [categoria at\u00e9] 57 quilos foi mantida. \u00c9 bom termos mais atletas no peso, mas \u00e9 ruim perder categorias\u201d, analisou L\u00facia Teixeira, dona de tr\u00eas medalhas paral\u00edmpicas (duas pratas e um bronze) e campe\u00e3 do evento na nova classe J2 (baixa vis\u00e3o), \u00e0\u00a0<strong>Ag\u00eancia Brasil<\/strong>.<\/p>\n<p>\u201cUm [judoca] com baixa vis\u00e3o consegue identificar nosso p\u00e9, nossa passada, a troca da pegada [no quimono]. Ent\u00e3o, a gente ficava na desvantagem. Agora, lutando cego contra cego, fica mais f\u00e1cil\u201d, complementou Jos\u00e9 Luiz Menezes, atleta da categoria at\u00e9 60 quilos da classe J1 (cego total).<\/p>\n<p>Tetracampe\u00e3o paral\u00edmpico, Ant\u00f4nio Ten\u00f3rio competia na categoria at\u00e9 cem quilos (meio-pesado), que deixou de existir. O experiente judoca de 51 anos passou a lutar entre atletas acima de 90 quilos (pesado) da classe J1.<\/p>\n<p>No Grand Prix, ele enfrentou Williams Ara\u00fajo, medalhista de prata na Paralimp\u00edada do Rio de Janeiro, em 2016, na antiga categoria dos pesados (acima de cem quilos). Williams levou a melhor no duelo hist\u00f3rico, ficando posteriormente com o t\u00edtulo. Ten\u00f3rio acabou em terceiro.<\/p>\n<p>\u201cA competitividade \u00e9 muito positiva. Atletas como o Ten\u00f3rio e o Williams s\u00e3o excepcionais e far\u00e3o uma grande batalha. Um vai estimular o outro a estar sempre treinando. Isso desenvolve bastante o jud\u00f4. Sei que a equipe nacional sair\u00e1 forte para buscar resultados l\u00e1 fora\u201d, afirmou Jaime Bragan\u00e7a, t\u00e9cnico da sele\u00e7\u00e3o brasileira paral\u00edmpica da modalidade.<\/p>\n<p>Outro atleta que precisou se adaptar \u00e0s novas regras foi Harlley Arruda, que competia entre judocas at\u00e9 81 quilos, uma das que foi extinta. Agora, o judoca combate na categoria at\u00e9 73 quilos. A competi\u00e7\u00e3o foi a primeira oportunidade para ele lutar no peso que n\u00e3o atingia h\u00e1 mais de 20 anos.<\/p>\n<p>\u201cA gente conseguiu eliminar 18 quilos em um m\u00eas e duas semanas. Fiquei neste per\u00edodo sem arroz, feij\u00e3o, p\u00e3o e macarr\u00e3o. No lugar de tudo isso colocava batata ou uma raiz. [Para manter o peso] tem que estar treinando forte, duas a tr\u00eas vezes por dia\u201d, disse o judoca, que foi campe\u00e3o da nova categoria no Grand Prix, tamb\u00e9m na classe J1.<\/p>\n<p>O primeiro compromisso internacional do jud\u00f4 paral\u00edmpico brasileiro sob as novas regras oftalmol\u00f3gicas ser\u00e1 o Grand Prix de Antalya (Turquia), entre 20 e 25 de abril.<\/p>\n<p>Fonte: Ag\u00eancia Brasil<\/p>\n","protected":false},"excerpt":{"rendered":"<p>O Centro de Treinamento Paral\u00edmpico, em S\u00e3o Paulo, recebeu, no s\u00e1bado (19), o Grand Prix de Jud\u00f4 Paral\u00edmpico, primeiro evento nacional da modalidade sob as novas regras da Federa\u00e7\u00e3o Internacional de Esportes para Cegos (Ibsa, na sigla em ingl\u00eas). O torneio reuniu 117 atletas do pa\u00eds, alguns deles medalhistas e campe\u00f5es paral\u00edmpicos. A partir de [&hellip;]<\/p>\n","protected":false},"author":246,"featured_media":196445,"comment_status":"closed","ping_status":"closed","sticky":false,"template":"","format":"standard","meta":{"footnotes":""},"categories":[436,257,439],"tags":[],"class_list":["post-196444","post","type-post","status-publish","format-standard","has-post-thumbnail","hentry","category-destaque-da-semana","category-esporte","category-ultima-hora"],"_links":{"self":[{"href":"https:\/\/diarioregionaldigital.com.br\/index.php?rest_route=\/wp\/v2\/posts\/196444","targetHints":{"allow":["GET"]}}],"collection":[{"href":"https:\/\/diarioregionaldigital.com.br\/index.php?rest_route=\/wp\/v2\/posts"}],"about":[{"href":"https:\/\/diarioregionaldigital.com.br\/index.php?rest_route=\/wp\/v2\/types\/post"}],"author":[{"embeddable":true,"href":"https:\/\/diarioregionaldigital.com.br\/index.php?rest_route=\/wp\/v2\/users\/246"}],"replies":[{"embeddable":true,"href":"https:\/\/diarioregionaldigital.com.br\/index.php?rest_route=%2Fwp%2Fv2%2Fcomments&post=196444"}],"version-history":[{"count":1,"href":"https:\/\/diarioregionaldigital.com.br\/index.php?rest_route=\/wp\/v2\/posts\/196444\/revisions"}],"predecessor-version":[{"id":196446,"href":"https:\/\/diarioregionaldigital.com.br\/index.php?rest_route=\/wp\/v2\/posts\/196444\/revisions\/196446"}],"wp:featuredmedia":[{"embeddable":true,"href":"https:\/\/diarioregionaldigital.com.br\/index.php?rest_route=\/wp\/v2\/media\/196445"}],"wp:attachment":[{"href":"https:\/\/diarioregionaldigital.com.br\/index.php?rest_route=%2Fwp%2Fv2%2Fmedia&parent=196444"}],"wp:term":[{"taxonomy":"category","embeddable":true,"href":"https:\/\/diarioregionaldigital.com.br\/index.php?rest_route=%2Fwp%2Fv2%2Fcategories&post=196444"},{"taxonomy":"post_tag","embeddable":true,"href":"https:\/\/diarioregionaldigital.com.br\/index.php?rest_route=%2Fwp%2Fv2%2Ftags&post=196444"}],"curies":[{"name":"wp","href":"https:\/\/api.w.org\/{rel}","templated":true}]}}