{"id":196441,"date":"2022-03-21T19:18:47","date_gmt":"2022-03-21T22:18:47","guid":{"rendered":"https:\/\/diarioregionaldigital.com.br\/?p=196441"},"modified":"2022-03-21T19:18:47","modified_gmt":"2022-03-21T22:18:47","slug":"tite-convoca-everson-do-atletico-mg-para-substituir-goleiro-ederson","status":"publish","type":"post","link":"https:\/\/diarioregionaldigital.com.br\/?p=196441","title":{"rendered":"Tite convoca Everson, do Atl\u00e9tico-MG, para substituir goleiro Ederson"},"content":{"rendered":"<p>O goleiro Everson, do Atl\u00e9tico-MG, \u00e9 o mais novo convocado da sele\u00e7\u00e3o brasileira para os dois \u00faltimos jogos das Eliminat\u00f3rias Sul-Americanas para a Copa do Mundo do Catar. O nome foi anunciado pelo t\u00e9cnico Tite na tarde desta segunda-feira (21).<img decoding=\"async\" src=\"https:\/\/agenciabrasil.ebc.com.br\/ebc.png?id=1449680&amp;o=node\" \/><img decoding=\"async\" src=\"https:\/\/agenciabrasil.ebc.com.br\/ebc.gif?id=1449680&amp;o=node\" \/><\/p>\n<p>Everson ir\u00e1 substituir o goleiro Ederson, do Manchester City (Inglaterra), diagnosticado com gastroenterite. \u00a0Na pr\u00f3xima quinta (24), o Brasil, j\u00e1 classificado, encara o Chile no Maracan\u00e3, \u00e0s 20h30 (hor\u00e1rio de Bras\u00edlia), pen\u00faltimo jogo das Eliminat\u00f3rias em territ\u00f3rio nacional. Neste domingo (20), houve corte de outros dois jogadores que atuam no futebol ingl\u00eas:\u00a0o atacante Raphinha (Leeds) \u00a0que testou positivo para covid-19, e o zagueiro Gabriel Magalh\u00e3es (Arsenal), prestes a ser pai.<\/p>\n<p>A previs\u00e3o \u00e9 de que o Everson se apresente \u00e0 sele\u00e7\u00e3o, na Granja Comary, em Teres\u00f3polis (RJ), na quarta (23), ap\u00f3s defender o Galo contra a Caldense, pela na semifinal do Campeonato Mineiro, \u00e0s 16h.<\/p>\n<p>Nesta segunda (21), dez dos 25 convocados por Tite chegaram \u00e0 Granja Comary para iniciarem a prepara\u00e7\u00e3o t\u00e9cnica. \u00c0 tarde, Weverton, Alex Telles, Felipe, Arana, Fred e Bruno Guimar\u00e3es treinaram normalmente, enquanto Richarlison e Coutinho foram a campo para um trabalho regenerativo. J\u00e1 Thiago Silva e Martinelli participaram de atividades f\u00edsicas na academia.<\/p>\n<p>H\u00e1 14 anos a sele\u00e7\u00e3o brasileira n\u00e3o disputa um jogo de Eliminat\u00f3rias no Maracan\u00e3. Para o jogo contra o Chile, o \u00faltimo em territ\u00f3rio nacional,\u00a0a CBF colocou 7<a href=\"https:\/\/www.futebolcard.com\/information?event=7794\">0 mil ingressos \u00e0 venda<\/a>,\u00a0que s\u00f3 ocorre de forma online. O \u00faltimo duelo do Brasil pelas Eliminat\u00f3rias ser\u00e1 contra a Bol\u00edvia, na capital La Paz, no dia 29 de mar\u00e7o.<\/p>\n<p>Fonte: Ag\u00eancia Brasil<\/p>\n","protected":false},"excerpt":{"rendered":"<p>O goleiro Everson, do Atl\u00e9tico-MG, \u00e9 o mais novo convocado da sele\u00e7\u00e3o brasileira para os dois \u00faltimos jogos das Eliminat\u00f3rias Sul-Americanas para a Copa do Mundo do Catar. O nome foi anunciado pelo t\u00e9cnico Tite na tarde desta segunda-feira (21). Everson ir\u00e1 substituir o goleiro Ederson, do Manchester City (Inglaterra), diagnosticado com gastroenterite. \u00a0Na pr\u00f3xima [&hellip;]<\/p>\n","protected":false},"author":246,"featured_media":196442,"comment_status":"closed","ping_status":"closed","sticky":false,"template":"","format":"standard","meta":{"footnotes":""},"categories":[436,257,439],"tags":[],"class_list":["post-196441","post","type-post","status-publish","format-standard","has-post-thumbnail","hentry","category-destaque-da-semana","category-esporte","category-ultima-hora"],"_links":{"self":[{"href":"https:\/\/diarioregionaldigital.com.br\/index.php?rest_route=\/wp\/v2\/posts\/196441","targetHints":{"allow":["GET"]}}],"collection":[{"href":"https:\/\/diarioregionaldigital.com.br\/index.php?rest_route=\/wp\/v2\/posts"}],"about":[{"href":"https:\/\/diarioregionaldigital.com.br\/index.php?rest_route=\/wp\/v2\/types\/post"}],"author":[{"embeddable":true,"href":"https:\/\/diarioregionaldigital.com.br\/index.php?rest_route=\/wp\/v2\/users\/246"}],"replies":[{"embeddable":true,"href":"https:\/\/diarioregionaldigital.com.br\/index.php?rest_route=%2Fwp%2Fv2%2Fcomments&post=196441"}],"version-history":[{"count":1,"href":"https:\/\/diarioregionaldigital.com.br\/index.php?rest_route=\/wp\/v2\/posts\/196441\/revisions"}],"predecessor-version":[{"id":196443,"href":"https:\/\/diarioregionaldigital.com.br\/index.php?rest_route=\/wp\/v2\/posts\/196441\/revisions\/196443"}],"wp:featuredmedia":[{"embeddable":true,"href":"https:\/\/diarioregionaldigital.com.br\/index.php?rest_route=\/wp\/v2\/media\/196442"}],"wp:attachment":[{"href":"https:\/\/diarioregionaldigital.com.br\/index.php?rest_route=%2Fwp%2Fv2%2Fmedia&parent=196441"}],"wp:term":[{"taxonomy":"category","embeddable":true,"href":"https:\/\/diarioregionaldigital.com.br\/index.php?rest_route=%2Fwp%2Fv2%2Fcategories&post=196441"},{"taxonomy":"post_tag","embeddable":true,"href":"https:\/\/diarioregionaldigital.com.br\/index.php?rest_route=%2Fwp%2Fv2%2Ftags&post=196441"}],"curies":[{"name":"wp","href":"https:\/\/api.w.org\/{rel}","templated":true}]}}