{"id":196438,"date":"2022-03-21T19:17:06","date_gmt":"2022-03-21T22:17:06","guid":{"rendered":"https:\/\/diarioregionaldigital.com.br\/?p=196438"},"modified":"2022-03-21T19:17:06","modified_gmt":"2022-03-21T22:17:06","slug":"selecao-parte-dos-convocados-se-apresenta-para-treinos-em-teresopolis","status":"publish","type":"post","link":"https:\/\/diarioregionaldigital.com.br\/?p=196438","title":{"rendered":"Sele\u00e7\u00e3o: parte dos convocados se apresenta para treinos em Teres\u00f3polis"},"content":{"rendered":"<p>Os convocados pelo t\u00e9cnico Tite para os dois \u00faltimos jogos das Eliminat\u00f3rias da Copa do Mundo come\u00e7aram a se apresentar nesta segunda-feira (21) na Granja Comary, em Teres\u00f3polis (RJ). Entre os dez atletas que chegaram hoje, est\u00e3o Richarlison, Fred, Thiago Silva, Philippe Coutinho, Guilherme Arana e Gabriel Martinelli. J\u00e1\u00a0<a href=\"https:\/\/agenciabrasil.ebc.com.br\/esportes\/tabelas\/eliminatorias-america-do-sul-2022.html\">classificada para o Mundial do Catar<\/a>, a sele\u00e7\u00e3o fara o pen\u00faltimo confrontos das Eliminat\u00f3rias contra o Chile, que ainda briga por vaga no Mundial. O duelo no Maracan\u00e3, na quinta (24), \u00e0s 20h30 (hor\u00e1rio de Bras\u00edlia), ser\u00e1 transmitido ao vivo na\u00a0<a href=\"https:\/\/radios.ebc.com.br\/radionacional\"><strong>R\u00e1dio Nacional.<\/strong><\/a><img decoding=\"async\" src=\"https:\/\/agenciabrasil.ebc.com.br\/ebc.png?id=1449661&amp;o=node\" \/><img decoding=\"async\" src=\"https:\/\/agenciabrasil.ebc.com.br\/ebc.gif?id=1449661&amp;o=node\" \/><\/p>\n<p>Fora das \u00faltimas convoca\u00e7\u00f5es \u00a0devido \u00e0\u00a0uma s\u00e9ria\u00a0les\u00e3o (ruptura na panturrilha), o atacante Richarlison, do Everton (Inglaterra) lamentou as especula\u00e7\u00f5es de que estaria fora da Copa. Disse que est\u00e1 feliz e confiante em voltar a integrar a sele\u00e7\u00e3o, e admitiu que sua posi\u00e7\u00e3o \u00e9 alvo de disputa intensa para os que pretendem estar na lista final de Tite para a Copa.<\/p>\n<p>\u201cOs atacantes que chegaram foram bem nas partidas, foram bastante elogiados. Mas sei tamb\u00e9m do meu potencial, venho de uma sequ\u00eancia muito boa com a camisa do Everton, depois da les\u00e3o. \u00c9 claro que o time n\u00e3o est\u00e1 numa boa fase, mas venho fazendo meu melhor, meus gols, minhas assist\u00eancias. E \u00e9 por isso que voltei para a sele\u00e7\u00e3o, aqui eu me sinto bem, me sinto em casa, me sinto \u00e0 vontade e Acho que jogo at\u00e9 melhor aqui do que no meu clube, disse o jogador capixaba, que vem atuando como centroavante no futebol ingl\u00eas.<\/p>\n<p>Tamb\u00e9m atacante, Gabriel Martinelli, de 20 anos, novidade entre os convocados de Tite, foi um dos primeiros a chegar esta manh\u00e3. Atacante do Arsenal (Inglaterra), e medalha de ouro com a sele\u00e7\u00e3o ol\u00edmpica ano passado nos Jogos de T\u00f3quio, \u00a0Martinelli disse que est\u00e1 pronto para brigar pela posi\u00e7\u00e3o.<\/p>\n<p>\u201c\u00c9 um sonho de crian\u00e7a estar aqui. Acho que todos os jogadores sonham em chegar \u00e0 sele\u00e7\u00e3o principal. Vou trabalhar firme para buscar meu lugar\u201d, afirmou.<\/p>\n<p>Na tarde desta segunda (21), Weverton, Alex Telles, Felipe, Arana, Fred e Bruno Guimar\u00e3es treinaram normalmente, enquanto Richarlison e Coutinho foram a campo para um trabalho regenerativo. J\u00e1 Thiago Silva e Martinelli participaram de atividades f\u00edsicas na academia.<\/p>\n<p>H\u00e1 14 anos a sele\u00e7\u00e3o brasileira n\u00e3o disputa um jogo de Eliminat\u00f3rias no Maracan\u00e3. Para o jogo contra o Chile, o \u00faltimo em territ\u00f3rio nacional,\u00a0a CBF colocou\u00a0<a href=\"https:\/\/www.futebolcard.com\/information?event=7794\">70 mil ingressos para a venda,<\/a>\u00a0que s\u00f3 ocorre de forma online. O \u00faltimo duelo do Brasil pelas Eliminat\u00f3rias ser\u00e1 contra a Bol\u00edvia, na capital La Paz, no dia 29 de mar\u00e7o.<\/p>\n<p>Fonte: Ag\u00eancia Brasil<\/p>\n","protected":false},"excerpt":{"rendered":"<p>Os convocados pelo t\u00e9cnico Tite para os dois \u00faltimos jogos das Eliminat\u00f3rias da Copa do Mundo come\u00e7aram a se apresentar nesta segunda-feira (21) na Granja Comary, em Teres\u00f3polis (RJ). Entre os dez atletas que chegaram hoje, est\u00e3o Richarlison, Fred, Thiago Silva, Philippe Coutinho, Guilherme Arana e Gabriel Martinelli. J\u00e1\u00a0classificada para o Mundial do Catar, a [&hellip;]<\/p>\n","protected":false},"author":246,"featured_media":196439,"comment_status":"closed","ping_status":"closed","sticky":false,"template":"","format":"standard","meta":{"footnotes":""},"categories":[436,257,439],"tags":[],"class_list":["post-196438","post","type-post","status-publish","format-standard","has-post-thumbnail","hentry","category-destaque-da-semana","category-esporte","category-ultima-hora"],"_links":{"self":[{"href":"https:\/\/diarioregionaldigital.com.br\/index.php?rest_route=\/wp\/v2\/posts\/196438","targetHints":{"allow":["GET"]}}],"collection":[{"href":"https:\/\/diarioregionaldigital.com.br\/index.php?rest_route=\/wp\/v2\/posts"}],"about":[{"href":"https:\/\/diarioregionaldigital.com.br\/index.php?rest_route=\/wp\/v2\/types\/post"}],"author":[{"embeddable":true,"href":"https:\/\/diarioregionaldigital.com.br\/index.php?rest_route=\/wp\/v2\/users\/246"}],"replies":[{"embeddable":true,"href":"https:\/\/diarioregionaldigital.com.br\/index.php?rest_route=%2Fwp%2Fv2%2Fcomments&post=196438"}],"version-history":[{"count":1,"href":"https:\/\/diarioregionaldigital.com.br\/index.php?rest_route=\/wp\/v2\/posts\/196438\/revisions"}],"predecessor-version":[{"id":196440,"href":"https:\/\/diarioregionaldigital.com.br\/index.php?rest_route=\/wp\/v2\/posts\/196438\/revisions\/196440"}],"wp:featuredmedia":[{"embeddable":true,"href":"https:\/\/diarioregionaldigital.com.br\/index.php?rest_route=\/wp\/v2\/media\/196439"}],"wp:attachment":[{"href":"https:\/\/diarioregionaldigital.com.br\/index.php?rest_route=%2Fwp%2Fv2%2Fmedia&parent=196438"}],"wp:term":[{"taxonomy":"category","embeddable":true,"href":"https:\/\/diarioregionaldigital.com.br\/index.php?rest_route=%2Fwp%2Fv2%2Fcategories&post=196438"},{"taxonomy":"post_tag","embeddable":true,"href":"https:\/\/diarioregionaldigital.com.br\/index.php?rest_route=%2Fwp%2Fv2%2Ftags&post=196438"}],"curies":[{"name":"wp","href":"https:\/\/api.w.org\/{rel}","templated":true}]}}