{"id":196434,"date":"2022-03-21T19:15:09","date_gmt":"2022-03-21T22:15:09","guid":{"rendered":"https:\/\/diarioregionaldigital.com.br\/?p=196434"},"modified":"2022-03-21T19:15:09","modified_gmt":"2022-03-21T22:15:09","slug":"calderano-sobra-na-estreia-e-vai-as-oitavas-do-wtt-contender-em-doha","status":"publish","type":"post","link":"https:\/\/diarioregionaldigital.com.br\/?p=196434","title":{"rendered":"Calderano sobra na estreia e vai \u00e0s oitavas do WTT Contender, em Doha"},"content":{"rendered":"<p>O mesatenista carioca Hugo Calderano estreou com vit\u00f3ria f\u00e1cil nesta segunda-feira (21) na fase principal do WTT Contender Doha (Catar) e assegurou presen\u00e7a nas oitavas de final. \u00a0N\u00famero 3 do mundo, Calderano atropelou o \u00a0chin\u00eas Liu Dingshuo (134\u00ba no ranking mundial), por 3 sets a 0 (parciais de 11\/6, 11\/8 e 15\/13). Os jogos t\u00eam\u00a0<a href=\"https:\/\/www.youtube.com\/channel\/UC9ckyA_A3MfXUa0ttxMoIZw\">transmiss\u00e3o ao vivo\u00a0<\/a>no canal oficial da competi\u00e7\u00e3o no YouTube.<img decoding=\"async\" src=\"https:\/\/agenciabrasil.ebc.com.br\/ebc.png?id=1449590&amp;o=node\" \/><img decoding=\"async\" src=\"https:\/\/agenciabrasil.ebc.com.br\/ebc.gif?id=1449590&amp;o=node\" \/><\/p>\n<p>O pr\u00f3ximo advers\u00e1rio do carioca na briga por uma vaga nas quartas do WTT Contender ser\u00e1 o sueco Anton Kallberg (31\u00ba). A data e hor\u00e1rio da partida ainda ser\u00e3o definidos. O torneio \u00e9 o segundo de uma s\u00e9rie de tr\u00eas campeonatos em Doha. A final ser\u00e1 na pr\u00f3xima quinta (24), um dia antes do WTT Star Contender, tamb\u00e9m em Doha, com os melhores do mundo.<\/p>\n<h2>Despedida de Thiago Monteiro<\/h2>\n<p>O cearense Thiago Monteiro deu adeus \u00e0 fase preliminar do torneio, ao perder para o argelino Mehdi Bouloussa por 3 sets a 0 (8\/11, 7\/11 e 11\/13) na segunda rodada.<\/p>\n<p>Fonte: Ag\u00eancia Brasil<\/p>\n","protected":false},"excerpt":{"rendered":"<p>O mesatenista carioca Hugo Calderano estreou com vit\u00f3ria f\u00e1cil nesta segunda-feira (21) na fase principal do WTT Contender Doha (Catar) e assegurou presen\u00e7a nas oitavas de final. \u00a0N\u00famero 3 do mundo, Calderano atropelou o \u00a0chin\u00eas Liu Dingshuo (134\u00ba no ranking mundial), por 3 sets a 0 (parciais de 11\/6, 11\/8 e 15\/13). Os jogos t\u00eam\u00a0transmiss\u00e3o [&hellip;]<\/p>\n","protected":false},"author":246,"featured_media":196435,"comment_status":"closed","ping_status":"closed","sticky":false,"template":"","format":"standard","meta":{"footnotes":""},"categories":[436,440,257,439],"tags":[],"class_list":["post-196434","post","type-post","status-publish","format-standard","has-post-thumbnail","hentry","category-destaque-da-semana","category-destaques-do-dia","category-esporte","category-ultima-hora"],"_links":{"self":[{"href":"https:\/\/diarioregionaldigital.com.br\/index.php?rest_route=\/wp\/v2\/posts\/196434","targetHints":{"allow":["GET"]}}],"collection":[{"href":"https:\/\/diarioregionaldigital.com.br\/index.php?rest_route=\/wp\/v2\/posts"}],"about":[{"href":"https:\/\/diarioregionaldigital.com.br\/index.php?rest_route=\/wp\/v2\/types\/post"}],"author":[{"embeddable":true,"href":"https:\/\/diarioregionaldigital.com.br\/index.php?rest_route=\/wp\/v2\/users\/246"}],"replies":[{"embeddable":true,"href":"https:\/\/diarioregionaldigital.com.br\/index.php?rest_route=%2Fwp%2Fv2%2Fcomments&post=196434"}],"version-history":[{"count":2,"href":"https:\/\/diarioregionaldigital.com.br\/index.php?rest_route=\/wp\/v2\/posts\/196434\/revisions"}],"predecessor-version":[{"id":196437,"href":"https:\/\/diarioregionaldigital.com.br\/index.php?rest_route=\/wp\/v2\/posts\/196434\/revisions\/196437"}],"wp:featuredmedia":[{"embeddable":true,"href":"https:\/\/diarioregionaldigital.com.br\/index.php?rest_route=\/wp\/v2\/media\/196435"}],"wp:attachment":[{"href":"https:\/\/diarioregionaldigital.com.br\/index.php?rest_route=%2Fwp%2Fv2%2Fmedia&parent=196434"}],"wp:term":[{"taxonomy":"category","embeddable":true,"href":"https:\/\/diarioregionaldigital.com.br\/index.php?rest_route=%2Fwp%2Fv2%2Fcategories&post=196434"},{"taxonomy":"post_tag","embeddable":true,"href":"https:\/\/diarioregionaldigital.com.br\/index.php?rest_route=%2Fwp%2Fv2%2Ftags&post=196434"}],"curies":[{"name":"wp","href":"https:\/\/api.w.org\/{rel}","templated":true}]}}