{"id":196431,"date":"2022-03-21T19:11:09","date_gmt":"2022-03-21T22:11:09","guid":{"rendered":"https:\/\/diarioregionaldigital.com.br\/?p=196431"},"modified":"2022-03-21T19:11:09","modified_gmt":"2022-03-21T22:11:09","slug":"menino-com-leucemia-ganha-dia-de-bombeiro-em-belo-horizonte","status":"publish","type":"post","link":"https:\/\/diarioregionaldigital.com.br\/?p=196431","title":{"rendered":"Menino com leucemia ganha &#8220;dia de bombeiro&#8221; em Belo Horizonte"},"content":{"rendered":"<p>Os militares do complexo da\u00a0<a href=\"https:\/\/www.bombeiros.mg.gov.br\/\" target=\"_blank\" rel=\"noopener\">Academia de Bombeiros Militar (ABM)<\/a>, na regi\u00e3o da Pampulha, em Belo Horizonte, realizaram uma miss\u00e3o especial nesse domingo (20\/3): proporcionar um dia de &#8220;bombeiro&#8221; para o pequeno Arthur, de tr\u00eas anos, que h\u00e1 oito meses luta contra a leucemia. O que seria um t\u00edpico passeio de fim de semana com os pais e a av\u00f3, na v\u00e9spera de uma interna\u00e7\u00e3o de 20 dias para o tratamento, se tornou um momento especial para toda a fam\u00edlia do bairro Ribeiro de Abreu, Regi\u00e3o Nordeste da capital.<\/p>\n<p>&#8220;A gente passou (pela ABM) para ver se liberavam para ele visitar. A gente j\u00e1 tinha levado ele com a roupinha. O pessoal nos recebeu de bra\u00e7os abertos. Foi gratificante pra gente&#8221;, conta o pai de Arthur, o motorista Fernando Campos da Silva, de 35 anos. O casal tem mais um filho.<\/p>\n<p>Arthur conheceu os militares que estavam de plant\u00e3o naquele dia e cada cantinho que ele p\u00f4de visitar. &#8220;Ele\u00a0ficou euf\u00f3rico. Normalmente,\u00a0fica muito cansado, e o tempo todo ele ficou correndo. Em momento algum ele ficou cansado. O que fizeram para n\u00f3s l\u00e1 n\u00e3o tem pre\u00e7o&#8221;, concluiu o pai.<\/p>\n<p>A m\u00e3e de Arthur, a t\u00e9cnica em enfermagem J\u00e9ssica Pereira da Silva Campos, de 30 anos, diz que o filho sempre gostou da corpora\u00e7\u00e3o, mas o interesse aumentou durante o per\u00edodo em que ele\u00a0frequentou um dos batalh\u00f5es da capital, quando tinha dois anos. &#8220;A paix\u00e3o dele come\u00e7ou quando eu fiz um curso de socorrista no 3\u00ba Batalh\u00e3o. Ele ia assistir \u00e0s aulas comigo e o sargento (que atuava no curso) nos recebia. Ele era muito carinhoso&#8221;, contou.<\/p>\n<p>Nas fotos e v\u00eddeos da visita, que durou cerca de duas horas, Arthur aparece usando um mini-uniforme operacional da corpora\u00e7\u00e3o enquanto interage com os militares, usa um mangueira de um dos caminh\u00f5es e posa sobre um dos ve\u00edculos.<\/p>\n<p>&#8220;Nem n\u00f3s esper\u00e1vamos a recep\u00e7\u00e3o que tivemos. Ficamos emocionados, ach\u00e1vamos que seria s\u00f3 uma passadinha l\u00e1. A gente j\u00e1 tinha ido outras vezes ao mesmo batalh\u00e3o, mas isso deixou ele muito feliz, n\u00f3s ficamos muito gratos e muito emocionados pela forma\u00a0como trataram a nossa fam\u00edlia&#8221;, disse J\u00e9ssica. &#8220;Gostaria de agradecer ao Corpo de Bombeiros e falar que eles s\u00e3o um grande exemplo para as crian\u00e7as. O que fizeram pelo Arthur n\u00e3o tem pre\u00e7o. Foi a realiza\u00e7\u00e3o de um sonho e vai influenciar positivamente no tratamento dele. Eles pararam o que estava fazendo para dar aten\u00e7\u00e3o a ele. (O Arthur) vai estar bem mais fortalecido para enfrentar a quimioterapia agora&#8221;, diz a m\u00e3e.<\/p>\n<p>O porta-voz do Corpo de Bombeiros Militar de Minas Gerais (CBMMG), tenente Pedro Aihara, tamb\u00e9m participou da visita de Arthur e falou sobre a import\u00e2ncia daquele momento. \u201cA profiss\u00e3o de bombeiro \u00e9 algo que mexe com o imagin\u00e1rio dos pequenos e todos n\u00f3s que somos bombeiros hoje j\u00e1 tivemos exatamente esse sonho. Assim, qualquer coisa que pudermos fazer para estimular os pequenos mineiros a seguir pelo caminho da ajuda ao pr\u00f3ximo e do compromisso com a sociedade \u00e9 um dever c\u00edvico e moral. O pequeno Arthur mostra que j\u00e1 tem a garra e resili\u00eancia necess\u00e1rias para ser um \u00f3timo bombeiro militar no futuro. Afinal, mesmo t\u00e3o novo, j\u00e1 enfrenta os desafios do seu tratamento com tanta coragem e \u00e9 sobretudo um grande cora\u00e7\u00e3o que faz um \u00f3timo bombeiro. Estamos na torcida pelo seu sucesso no tratamento e pela sua entrada em nossa corpora\u00e7\u00e3o daqui a alguns anos. Ap\u00f3s um momento t\u00e3o importante como esse que vivenciamos, quem mais aprende somos n\u00f3s, como profissionais e\u00a0tamb\u00e9m como pessoas&#8221;, afirma o militar.<\/p>\n<p>Fonte: Ag\u00eancia Minas<\/p>\n","protected":false},"excerpt":{"rendered":"<p>Os militares do complexo da\u00a0Academia de Bombeiros Militar (ABM), na regi\u00e3o da Pampulha, em Belo Horizonte, realizaram uma miss\u00e3o especial nesse domingo (20\/3): proporcionar um dia de &#8220;bombeiro&#8221; para o pequeno Arthur, de tr\u00eas anos, que h\u00e1 oito meses luta contra a leucemia. O que seria um t\u00edpico passeio de fim de semana com os [&hellip;]<\/p>\n","protected":false},"author":246,"featured_media":196432,"comment_status":"closed","ping_status":"closed","sticky":false,"template":"","format":"standard","meta":{"footnotes":""},"categories":[436,254,439],"tags":[],"class_list":["post-196431","post","type-post","status-publish","format-standard","has-post-thumbnail","hentry","category-destaque-da-semana","category-politica","category-ultima-hora"],"_links":{"self":[{"href":"https:\/\/diarioregionaldigital.com.br\/index.php?rest_route=\/wp\/v2\/posts\/196431","targetHints":{"allow":["GET"]}}],"collection":[{"href":"https:\/\/diarioregionaldigital.com.br\/index.php?rest_route=\/wp\/v2\/posts"}],"about":[{"href":"https:\/\/diarioregionaldigital.com.br\/index.php?rest_route=\/wp\/v2\/types\/post"}],"author":[{"embeddable":true,"href":"https:\/\/diarioregionaldigital.com.br\/index.php?rest_route=\/wp\/v2\/users\/246"}],"replies":[{"embeddable":true,"href":"https:\/\/diarioregionaldigital.com.br\/index.php?rest_route=%2Fwp%2Fv2%2Fcomments&post=196431"}],"version-history":[{"count":1,"href":"https:\/\/diarioregionaldigital.com.br\/index.php?rest_route=\/wp\/v2\/posts\/196431\/revisions"}],"predecessor-version":[{"id":196433,"href":"https:\/\/diarioregionaldigital.com.br\/index.php?rest_route=\/wp\/v2\/posts\/196431\/revisions\/196433"}],"wp:featuredmedia":[{"embeddable":true,"href":"https:\/\/diarioregionaldigital.com.br\/index.php?rest_route=\/wp\/v2\/media\/196432"}],"wp:attachment":[{"href":"https:\/\/diarioregionaldigital.com.br\/index.php?rest_route=%2Fwp%2Fv2%2Fmedia&parent=196431"}],"wp:term":[{"taxonomy":"category","embeddable":true,"href":"https:\/\/diarioregionaldigital.com.br\/index.php?rest_route=%2Fwp%2Fv2%2Fcategories&post=196431"},{"taxonomy":"post_tag","embeddable":true,"href":"https:\/\/diarioregionaldigital.com.br\/index.php?rest_route=%2Fwp%2Fv2%2Ftags&post=196431"}],"curies":[{"name":"wp","href":"https:\/\/api.w.org\/{rel}","templated":true}]}}