{"id":196427,"date":"2022-03-21T19:09:15","date_gmt":"2022-03-21T22:09:15","guid":{"rendered":"https:\/\/diarioregionaldigital.com.br\/?p=196427"},"modified":"2022-03-21T19:09:15","modified_gmt":"2022-03-21T22:09:15","slug":"governo-de-minas-e-sebrae-realizam-a-5a-semana-mineira-do-artesao","status":"publish","type":"post","link":"https:\/\/diarioregionaldigital.com.br\/?p=196427","title":{"rendered":"Governo de Minas e Sebrae realizam a 5\u00aa Semana Mineira do Artes\u00e3o"},"content":{"rendered":"<p>O\u00a0<a href=\"https:\/\/www.mg.gov.br\/instituicao_unidade\/policia-civil-do-estado-de-minas-gerais-pcmg\">Governo de Minas<\/a>, por meio da Diretoria de Artesanato da\u00a0<a href=\"http:\/\/www.desenvolvimento.mg.gov.br\/\">Secretaria de Estado de Desenvolvimento Econ\u00f4mico (Sede MG)<\/a>, realiza, em parceria com o Sebrae Minas, a 5\u00aa Semana Mineira do Artes\u00e3o, entre os dias 21 e 25\/3.\u00a0 Na programa\u00e7\u00e3o, acontecer\u00e1 capacita\u00e7\u00f5es e encontros on-line e presenciais, em v\u00e1rias cidades do estado.<\/p>\n<p>Para o subsecret\u00e1rio de Desenvolvimento Regional da Sede, Douglas Cabido, as a\u00e7\u00f5es e pol\u00edticas econ\u00f4micas voltadas para o artesanato no estado s\u00e3o extremamente importantes porque dialogam diretamente com o artes\u00e3o, p\u00fablico que teve seu trabalho comprometido durante a pandemia. \u201cNesse cen\u00e1rio, partimos para um 2022 com mais esperan\u00e7as e oportunidades, com o intuito de valorizar ainda mais o nosso produto, qualificar os artistas mineiros e trazer mais oportunidades de vendas. O Governo de Minas est\u00e1 caminhando para a 5\u00aa edi\u00e7\u00e3o da Semana do Artes\u00e3o, incentivando e promovendo a\u00e7\u00f5es que fortale\u00e7am esse importante of\u00edcio na vida dos mineiros\u201d, destaca Cabido.<\/p>\n<p><b>Artes\u00e3os em Minas<\/b><\/p>\n<p>Em Minas Gerais, mais de 27 mil artes\u00e3os se tornaram microempreendedores individuais (MEI), representando 12% dos trabalhadores formalizados no segmento em todo o pa\u00eds, de acordo com dados da Receita Federal at\u00e9 o in\u00edcio de mar\u00e7o deste ano. Em outro levantamento do governo federal, quase 10 mil artes\u00e3os mineiros s\u00e3o cadastrados na Carteira Nacional do Artes\u00e3o do Programa do Artesanato Brasileiro (PAB) at\u00e9 fevereiro de 2022.<\/p>\n<p><b>Dia do Artes\u00e3o<\/b><\/p>\n<p>Comemorado no dia 19\/3, o Dia do Artes\u00e3o marca a celebra\u00e7\u00e3o de um importante of\u00edcio em Minas Gerais: o artesanato.\u00a0 \u201cA Programa\u00e7\u00e3o da 5\u00aa Semana do Artes\u00e3o Mineiro foi pensada para homenagear e capacitar esses empreendedores que traduzem a cultura mineira em arte. Ser\u00e3o oferecidas diversas atividades para que os artes\u00e3os de Minas Gerais possam se profissionalizar e aprimorar seus conhecimentos.\u201d explica a gerente de Agroneg\u00f3cios do Sebrae Minas, Priscilla Lins.<\/p>\n<p><b>Programa\u00e7\u00e3o<\/b><\/p>\n<p>Na capital mineira, os artes\u00e3os poder\u00e3o participar de duas oficinas: uma de bordado para iniciantes, realizada na sede do Sebrae Minas, nesta segunda-feira (21\/3), e outra sobre a t\u00e9cnica em filigrana &#8211; que utiliza tiras de papel enroladas -, na ter\u00e7a-feira (22\/3), no Pal\u00e1cio das Artes.<\/p>\n<p>Em Arinos, ser\u00e1 realizado o Encontro Regional de Artesanato Grande Sert\u00e3o Veredas, no audit\u00f3rio do IFNM, na quinta-feira (23\/3). Na regi\u00e3o, imortalizada na obra do escritor Guimar\u00e3es Rosa, h\u00e1 uma rede de produ\u00e7\u00e3o de tingimento, fia\u00e7\u00e3o e tecelagem, a Central Veredas, que re\u00fane v\u00e1rios artes\u00e3os de Riachinho, Uruana de Minas, Sagarana (distrito de Arinos), Natal\u00e2ndia e Bonfin\u00f3polis de Minas. Durante o encontro, haver\u00e1 uma apresenta\u00e7\u00e3o do Sebrae Minas e entrega da Carteira Nacional do Artes\u00e3o, iniciativa que pretende capacitar, valorizar e fortalecer a produ\u00e7\u00e3o artesanal em Minas Gerais.<\/p>\n<p>Na Semana Mineira do Artes\u00e3o tamb\u00e9m acontece a live \u201cArtesanato e Prosa\u201d, na quinta-feira (24\/3), com a participa\u00e7\u00e3o do presidente da Federa\u00e7\u00e3o dos Artes\u00e3os Mineiros, Rhavvi Dion\u00edsio, da artes\u00e3 de Salinas, Cl\u00e1udia Miranda, e da consultora em desenvolvimento e pol\u00edticas p\u00fablicas para o artesanato, Dorot\u00e9a Naddeo. A conversa ser\u00e1 sobre os desafios e as oportunidades para o segmento. A transmiss\u00e3o on-line \u00e9 realizada na quinta-feira (24\/3), pelo\u00a0<a href=\"https:\/\/www.youtube.com\/watch?v=zb-uiXXonTo\">canal do Centro de Artesanato Mineiro, no Youtube<\/a>.<\/p>\n<p>J\u00e1 no munic\u00edpio de Santa B\u00e1rbara, haver\u00e1 um mutir\u00e3o para cadastramento dos trabalhadores que queiram obter a Carteira Nacional do Artes\u00e3o. Para se cadastrar, o artes\u00e3o precisa ter mais de 16 anos e apresentar a carteira de identidade, CPF, comprovante de resid\u00eancia, al\u00e9m de uma foto 3&#215;4 recente. Mediante o cadastramento, \u00e9 necess\u00e1rio fazer uma prova de habilidade manual.<\/p>\n<p>A Carteira Nacional do Artes\u00e3o \u00e9 gratuita e j\u00e1 \u00e9 um requisito para os artes\u00e3os que queiram participar de algumas a\u00e7\u00f5es e projetos da Sede e Sebrae, al\u00e9m de editais p\u00fablicos, feiras e eventos apoiados pelo governo federal e estadual.<\/p>\n<p>A 5 \u00aa Semana do Artes\u00e3o Mineiro tem apoio do Centro de Artesanato Mineiro (Ceart MG), por meio da Lei Estadual de incentivo \u00e0 Cultura da\u00a0<a href=\"https:\/\/www.secult.mg.gov.br\/\">Secretaria de Estado de Cultura e Turismo<\/a>\u00a0e patroc\u00ednio da\u00a0<a href=\"https:\/\/www.cemig.com.br\/\">Cemig<\/a>, do Instituto Federal do Norte de Minas Gerais (IFNMG), Federa\u00e7\u00e3o do Artes\u00e3o Mineiro (FAM), Prefeitura de Arinos, Central Veredas e Tecelagem de Brumal.<\/p>\n<p><strong>Servi\u00e7o<\/strong><\/p>\n<p><b>Oficina pintura de agulha: bordado para iniciantes<\/b><\/p>\n<p><strong>Dia:<\/strong>\u00a021\/3\/202 (segunda-feira)<\/p>\n<p><strong>Hor\u00e1rio:<\/strong>\u00a013h \u00e0s 16h<\/p>\n<p><strong>Local:<\/strong>\u00a0Sebrae Minas\u00a0(Av. Bar\u00e3o Homem de Melo, 329, Nova Granada, BH)<\/p>\n<p><strong>Inscri\u00e7\u00f5es limitadas:<\/strong>\u00a0\u00a0<a href=\"https:\/\/forms.gle\/i8whFWoG1zvHmUgw8\" target=\"_blank\" rel=\"noopener\" data-auth=\"NotApplicable\" data-linkindex=\"0\">https:\/\/forms.gle\/i8whFWoG1zvHmUgw8<\/a><\/p>\n<p>&nbsp;<\/p>\n<p><b>Oficina com t\u00e9cnica em filigrana em papel<\/b><\/p>\n<p><strong>Dia:<\/strong>\u00a0\u00a022\/3\/2022 (ter\u00e7a-feira)<\/p>\n<p><strong>Hor\u00e1rio:<\/strong>\u00a013h \u00e0s 17h<\/p>\n<p><strong>Local:<\/strong>\u00a0Pal\u00e1cio das Artes (Av. Afonso Pena, 1.537, centro, BH)<\/p>\n<p><strong>Inscri\u00e7\u00f5es limitadas:<\/strong>\u00a0<a href=\"https:\/\/forms.gle\/K8fR1UhF5HZngBRF9\" target=\"_blank\" rel=\"noopener\" data-auth=\"NotApplicable\" data-linkindex=\"1\">https:\/\/forms.gle\/K8fR1UhF5HZngBRF9<\/a><\/p>\n<p>&nbsp;<\/p>\n<p><b>Encontro regional de artesanato Grande Sert\u00e3o Veredas<\/b><\/p>\n<p>Dia: 23\/3\/2022 (quarta-feira)<\/p>\n<p><strong>Hor\u00e1rio:\u00a0<\/strong>\u00a013h<\/p>\n<p><strong>Local:<\/strong>\u00a0Audit\u00f3rio do IFNMG( Rodovia MG-202, km 407<\/p>\n<p>Arinos\/MG)<\/p>\n<p><b>\u00a0<\/b><\/p>\n<p><b>Live \u2018Artesanato &amp; Prosa\u2019<\/b><\/p>\n<p><strong>Dia:\u00a0<\/strong>24\/3\/2022 (quinta-feira)<\/p>\n<p><strong>Hor\u00e1rio:<\/strong>\u00a0\u00a019h<\/p>\n<p><strong>Transmiss\u00e3o on-line:<\/strong>\u00a0<a href=\"https:\/\/youtu.be\/gLZWukKpAcc\" target=\"_blank\" rel=\"noopener\" data-auth=\"NotApplicable\" data-linkindex=\"2\">https:\/\/youtu.be\/gLZWukKpAcc<\/a><\/p>\n<p>&nbsp;<\/p>\n<p><b>Mutir\u00e3o de cadastramento da Carteira Nacional do Artes\u00e3o<\/b><\/p>\n<p><strong>Dia:\u00a0<\/strong>25\/3\/2022 (sexta-feira)<\/p>\n<p><strong>Hor\u00e1rio:\u00a0<\/strong>\u00a09h \u00e0s 17h<\/p>\n<p><strong>Local:<\/strong>\u00a0Casa das Tecel\u00e3s de Brumal\u00a0(Distrito de Brumal &#8211; Santa B\u00e1rbara\/MG)<\/p>\n<p>Fonte: Ag\u00eancia Minas<\/p>\n","protected":false},"excerpt":{"rendered":"<p>O\u00a0Governo de Minas, por meio da Diretoria de Artesanato da\u00a0Secretaria de Estado de Desenvolvimento Econ\u00f4mico (Sede MG), realiza, em parceria com o Sebrae Minas, a 5\u00aa Semana Mineira do Artes\u00e3o, entre os dias 21 e 25\/3.\u00a0 Na programa\u00e7\u00e3o, acontecer\u00e1 capacita\u00e7\u00f5es e encontros on-line e presenciais, em v\u00e1rias cidades do estado. Para o subsecret\u00e1rio de Desenvolvimento [&hellip;]<\/p>\n","protected":false},"author":246,"featured_media":196428,"comment_status":"closed","ping_status":"closed","sticky":false,"template":"","format":"standard","meta":{"footnotes":""},"categories":[436,254,439],"tags":[],"class_list":["post-196427","post","type-post","status-publish","format-standard","has-post-thumbnail","hentry","category-destaque-da-semana","category-politica","category-ultima-hora"],"_links":{"self":[{"href":"https:\/\/diarioregionaldigital.com.br\/index.php?rest_route=\/wp\/v2\/posts\/196427","targetHints":{"allow":["GET"]}}],"collection":[{"href":"https:\/\/diarioregionaldigital.com.br\/index.php?rest_route=\/wp\/v2\/posts"}],"about":[{"href":"https:\/\/diarioregionaldigital.com.br\/index.php?rest_route=\/wp\/v2\/types\/post"}],"author":[{"embeddable":true,"href":"https:\/\/diarioregionaldigital.com.br\/index.php?rest_route=\/wp\/v2\/users\/246"}],"replies":[{"embeddable":true,"href":"https:\/\/diarioregionaldigital.com.br\/index.php?rest_route=%2Fwp%2Fv2%2Fcomments&post=196427"}],"version-history":[{"count":2,"href":"https:\/\/diarioregionaldigital.com.br\/index.php?rest_route=\/wp\/v2\/posts\/196427\/revisions"}],"predecessor-version":[{"id":196430,"href":"https:\/\/diarioregionaldigital.com.br\/index.php?rest_route=\/wp\/v2\/posts\/196427\/revisions\/196430"}],"wp:featuredmedia":[{"embeddable":true,"href":"https:\/\/diarioregionaldigital.com.br\/index.php?rest_route=\/wp\/v2\/media\/196428"}],"wp:attachment":[{"href":"https:\/\/diarioregionaldigital.com.br\/index.php?rest_route=%2Fwp%2Fv2%2Fmedia&parent=196427"}],"wp:term":[{"taxonomy":"category","embeddable":true,"href":"https:\/\/diarioregionaldigital.com.br\/index.php?rest_route=%2Fwp%2Fv2%2Fcategories&post=196427"},{"taxonomy":"post_tag","embeddable":true,"href":"https:\/\/diarioregionaldigital.com.br\/index.php?rest_route=%2Fwp%2Fv2%2Ftags&post=196427"}],"curies":[{"name":"wp","href":"https:\/\/api.w.org\/{rel}","templated":true}]}}