{"id":196420,"date":"2022-03-21T19:03:42","date_gmt":"2022-03-21T22:03:42","guid":{"rendered":"https:\/\/diarioregionaldigital.com.br\/?p=196420"},"modified":"2022-03-21T19:03:42","modified_gmt":"2022-03-21T22:03:42","slug":"cerca-de-5-milhoes-de-mineiros-estao-com-a-dose-de-reforco-atrasada","status":"publish","type":"post","link":"https:\/\/diarioregionaldigital.com.br\/?p=196420","title":{"rendered":"Cerca de 5 milh\u00f5es de mineiros est\u00e3o com a dose de refor\u00e7o atrasada"},"content":{"rendered":"<p>Minas Gerais atingiu 82% da popula\u00e7\u00e3o com mais de cinco anos de idade com o esquema vacinal completo (duas doses ou dose \u00fanica) da popula\u00e7\u00e3o, conforme o painel Vacin\u00f4metro. Por outro lado, a dose de refor\u00e7o foi aplicada em apenas 50% do p\u00fablico-alvo. Cerca de 5 milh\u00f5es de mineiros j\u00e1 poderiam ter recebido a dose de refor\u00e7o, mas est\u00e3o com o cart\u00e3o de vacina atrasado.<\/p>\n<p>De acordo com levantamento da\u00a0<a href=\"https:\/\/www.saude.mg.gov.br\/\" target=\"_blank\" rel=\"noopener\">Secretaria de Estado de Sa\u00fade (SES)<\/a>, considerando o prazo para se receber a dose de refor\u00e7o &#8211; de quatro\u00a0meses a partir da aplica\u00e7\u00e3o da segunda dose, e de dois\u00a0meses a partir da aplica\u00e7\u00e3o da dose \u00fanica &#8211; \u00a0h\u00e1, atualmente, 13,2 milh\u00f5es de pessoas no estado aptas a receb\u00ea-la.<\/p>\n<p>Uma vez que existe registro de 8,1 milh\u00f5es dessas doses aplicadas em Minas Gerais, segundo dados do painel Vacin\u00f4metro, restariam ainda 5,1 milh\u00f5es de pessoas eleg\u00edveis para tomar o refor\u00e7o e que n\u00e3o o fizeram.<\/p>\n<p>\u201cConfiem na vacina. Ela \u00e9 segura e eficaz. A dose de refor\u00e7o \u00e9 fundamental para evitar hospitaliza\u00e7\u00f5es e \u00f3bitos por covid, principalmente entre os grupos mais vulner\u00e1veis\u201d, afirma o secret\u00e1rio de Estado de Sa\u00fade, o m\u00e9dico F\u00e1bio Baccheretti.<\/p>\n<p>\u201cTemos vacinas dispon\u00edveis em Minas Gerais, distribu\u00eddas para todos os munic\u00edpios. A popula\u00e7\u00e3o precisa entender que o refor\u00e7o \u00e9 fundamental para a sua prote\u00e7\u00e3o contra a doen\u00e7a. Fa\u00e7o um apelo para que todos procurem o posto de sa\u00fade mais pr\u00f3ximo e coloque o cart\u00e3o de vacina em dia\u201d, ressalta o secret\u00e1rio.<\/p>\n<p><strong>M\u00e1scaras<\/strong><\/p>\n<p>Com\u00a0metade do p\u00fablico-alvo sem a terceira dose, fica mais distante tamb\u00e9m o uso facultativo de m\u00e1scaras em locais fechados. No dia 12\/3, a SES anunciou a orienta\u00e7\u00e3o de que seja atingida a meta de 80% da vacina\u00e7\u00e3o completa e 70% da dose de refor\u00e7o para que haja a dispensa do protetor facial em lugares fechados. Portanto, a retirada dessa obrigatoriedade ainda depende do avan\u00e7o da aplica\u00e7\u00e3o da terceira dose.<\/p>\n<p>J\u00e1 o uso de m\u00e1scara em locais abertos \u00e9 facultativo em Minas Gerais. A medida foi tomada a partir da melhoria dos indicadores da pandemia no estado e do avan\u00e7o na vacina\u00e7\u00e3o. Cabe aos munic\u00edpios a decis\u00e3o de adotar ou n\u00e3o a orienta\u00e7\u00e3o da SES-MG.<\/p>\n<p>Vale lembrar que cabe aos munic\u00edpios a decis\u00e3o de adotar ou n\u00e3o a orienta\u00e7\u00e3o. A SES ressalta ainda que a desobriga\u00e7\u00e3o n\u00e3o \u00e9 um desest\u00edmulo \u00e0 utiliza\u00e7\u00e3o da m\u00e1scara. O crit\u00e9rio adotado para as recomenda\u00e7\u00f5es sobre o uso da m\u00e1scara tem por objetivo ampliar a imuniza\u00e7\u00e3o nos munic\u00edpios e proteger os mineiros contra a doen\u00e7a.<\/p>\n<p>At\u00e9 o momento, o estado j\u00e1 enviou aos munic\u00edpios 46,7 milh\u00f5es de doses dos imunizantes contra a covid.<\/p>\n<p>Fonte: Ag\u00eancia Minas<\/p>\n","protected":false},"excerpt":{"rendered":"<p>Minas Gerais atingiu 82% da popula\u00e7\u00e3o com mais de cinco anos de idade com o esquema vacinal completo (duas doses ou dose \u00fanica) da popula\u00e7\u00e3o, conforme o painel Vacin\u00f4metro. Por outro lado, a dose de refor\u00e7o foi aplicada em apenas 50% do p\u00fablico-alvo. Cerca de 5 milh\u00f5es de mineiros j\u00e1 poderiam ter recebido a dose [&hellip;]<\/p>\n","protected":false},"author":246,"featured_media":196421,"comment_status":"closed","ping_status":"closed","sticky":false,"template":"","format":"standard","meta":{"footnotes":""},"categories":[436,440,254,439],"tags":[],"class_list":["post-196420","post","type-post","status-publish","format-standard","has-post-thumbnail","hentry","category-destaque-da-semana","category-destaques-do-dia","category-politica","category-ultima-hora"],"_links":{"self":[{"href":"https:\/\/diarioregionaldigital.com.br\/index.php?rest_route=\/wp\/v2\/posts\/196420","targetHints":{"allow":["GET"]}}],"collection":[{"href":"https:\/\/diarioregionaldigital.com.br\/index.php?rest_route=\/wp\/v2\/posts"}],"about":[{"href":"https:\/\/diarioregionaldigital.com.br\/index.php?rest_route=\/wp\/v2\/types\/post"}],"author":[{"embeddable":true,"href":"https:\/\/diarioregionaldigital.com.br\/index.php?rest_route=\/wp\/v2\/users\/246"}],"replies":[{"embeddable":true,"href":"https:\/\/diarioregionaldigital.com.br\/index.php?rest_route=%2Fwp%2Fv2%2Fcomments&post=196420"}],"version-history":[{"count":1,"href":"https:\/\/diarioregionaldigital.com.br\/index.php?rest_route=\/wp\/v2\/posts\/196420\/revisions"}],"predecessor-version":[{"id":196422,"href":"https:\/\/diarioregionaldigital.com.br\/index.php?rest_route=\/wp\/v2\/posts\/196420\/revisions\/196422"}],"wp:featuredmedia":[{"embeddable":true,"href":"https:\/\/diarioregionaldigital.com.br\/index.php?rest_route=\/wp\/v2\/media\/196421"}],"wp:attachment":[{"href":"https:\/\/diarioregionaldigital.com.br\/index.php?rest_route=%2Fwp%2Fv2%2Fmedia&parent=196420"}],"wp:term":[{"taxonomy":"category","embeddable":true,"href":"https:\/\/diarioregionaldigital.com.br\/index.php?rest_route=%2Fwp%2Fv2%2Fcategories&post=196420"},{"taxonomy":"post_tag","embeddable":true,"href":"https:\/\/diarioregionaldigital.com.br\/index.php?rest_route=%2Fwp%2Fv2%2Ftags&post=196420"}],"curies":[{"name":"wp","href":"https:\/\/api.w.org\/{rel}","templated":true}]}}