{"id":196414,"date":"2022-03-21T18:57:34","date_gmt":"2022-03-21T21:57:34","guid":{"rendered":"https:\/\/diarioregionaldigital.com.br\/?p=196414"},"modified":"2022-03-21T18:57:34","modified_gmt":"2022-03-21T21:57:34","slug":"governo-lanca-medidas-de-incentivo-a-producao-de-biometano","status":"publish","type":"post","link":"https:\/\/diarioregionaldigital.com.br\/?p=196414","title":{"rendered":"Governo lan\u00e7a medidas de incentivo \u00e0 produ\u00e7\u00e3o de biometano"},"content":{"rendered":"<p>O presidente Jair Bolsonaro participou\u00a0<span id=\"OBJ_PREFIX_DWT195_com_zimbra_date\" role=\"link\">hoje<\/span>\u00a0(21) do\u00a0lan\u00e7amento de medidas de incentivo \u00e0 produ\u00e7\u00e3o e ao uso sustent\u00e1vel do biometano. O\u00a0combust\u00edvel renov\u00e1vel \u00e9 obtido pela purifica\u00e7\u00e3o do biog\u00e1s e pode substituir o g\u00e1s natural, o diesel e a gasolina.<img decoding=\"async\" src=\"https:\/\/agenciabrasil.ebc.com.br\/ebc.png?id=1449621&amp;o=node\" \/><img decoding=\"async\" src=\"https:\/\/agenciabrasil.ebc.com.br\/ebc.gif?id=1449621&amp;o=node\" \/><\/p>\n<p>Ap\u00f3s entrevista\u00a0no jardim do Pal\u00e1cio da Alvorada, Bolsonaro dirigiu um trator movido a biometano at\u00e9 o Pal\u00e1cio do Planato. Ele levou aproximadamente dez minutos para fazer\u00a0o trajeto de cerca de quatro quil\u00f4metros\u00a0entre a resid\u00eancia oficial e o Planalto.<\/p>\n<p>O ministro de Meio Ambiente, Joaquim Leite, assinou portaria que cria o Programa Nacional de Redu\u00e7\u00e3o de Emiss\u00f5es de Metano, o Metano Zero, que representar\u00e1 avan\u00e7os na gera\u00e7\u00e3o e no aproveitamento de biometano a partir de res\u00edduos urbanos e rurais.<\/p>\n<p>\u201cO programa Metano Zero trata o lixo da cidade, o lixo do campo. S\u00e3o res\u00edduos de aves, su\u00ednos, cana de a\u00e7\u00facar, latic\u00ednios e aterros sanit\u00e1rios. Tudo isso para gerar o biog\u00e1s, que gera energia, e o biometano, que gera o combust\u00edvel para ve\u00edculos pesados. Teremos a oportunidade de andar em caminh\u00f5es, tratores e \u00f4nibus movidos a biometano, reduzindo o custo de combust\u00edvel\u201d, afirmou Leite.<\/p>\n<p>O ministro de Minas e Energia, Bento Albuquerque, assinou portaria que inclui investimentos em biometano no\u00a0Regime Especial de Incentivos para o Desenvolvimento de Infraestrutura (Reidi).\u00a0\u00a0A portaria isentar\u00e1 novos projetos da cobran\u00e7a de PIS\/Cofins para aquisi\u00e7\u00e3o de m\u00e1quinas, materiais de constru\u00e7\u00e3o e equipamentos.\u00a0 Contribuir\u00e1, assim, para a constru\u00e7\u00e3o de novas plantas de produ\u00e7\u00e3o do biocombust\u00edvel, ampliando a oferta e causando impacto positivo na sustentabilidade energ\u00e9tica e ambiental.<\/p>\n<p>\u201cEstamos dando novo passo para a consolida\u00e7\u00e3o de um mercado aberto e competitivo\u00a0que buscamos, ao proporcionar aos investidores de\u00a0bioenergia a mesma condi\u00e7\u00e3o de que j\u00e1 dispunham os produtores de g\u00e1s natural\u201d, afirmou Albuquerque.<\/p>\n<p>De acordo com o governo federal, a inser\u00e7\u00e3o do biometano vai proporcionar a constru\u00e7\u00e3o de novas plantas para produ\u00e7\u00e3o do combust\u00edvel, aumentando a oferta do produto e a instala\u00e7\u00e3o de corredores verdes para abastecimento de ve\u00edculos pesados, com impacto na redu\u00e7\u00e3o de emiss\u00f5es de gases de\u00a0efeito estufa. O total de investimento previsto \u00e9 superior a R$ 7 bilh\u00f5es, com gera\u00e7\u00e3o de pelo menos 6.500 empregos, na constru\u00e7\u00e3o e opera\u00e7\u00e3o das novas unidades. A ideia \u00e9 construir 25 novas plantas em seis\u00a0estados (SP, RS, SC, GO, MT, MS).<\/p>\n<p>O presidente Jair Bolsonaro afirmou que em pouco tempo o pa\u00eds poder\u00e1 ter\u00a0o equivalente a quatro vezes aquilo que recebe\u00a0da Bol\u00edvia em g\u00e1s, sem impostos. &#8220;Se o homem do campo vai fazer algo para gerar energia, n\u00e3o vai pagar PIS, Cofins, tampouco o Imposto sobre Circula\u00e7\u00e3o de Mercadorias e Servi\u00e7os. Ou seja, \u00e9 uma energia que, al\u00e9m de pr\u00f3pria, n\u00e3o tem esse custo elevado na ponta da linha que temos com impostos\u201d.<\/p>\n<p>Fonte: Ag\u00eancia Brasil<\/p>\n","protected":false},"excerpt":{"rendered":"<p>O presidente Jair Bolsonaro participou\u00a0hoje\u00a0(21) do\u00a0lan\u00e7amento de medidas de incentivo \u00e0 produ\u00e7\u00e3o e ao uso sustent\u00e1vel do biometano. O\u00a0combust\u00edvel renov\u00e1vel \u00e9 obtido pela purifica\u00e7\u00e3o do biog\u00e1s e pode substituir o g\u00e1s natural, o diesel e a gasolina. Ap\u00f3s entrevista\u00a0no jardim do Pal\u00e1cio da Alvorada, Bolsonaro dirigiu um trator movido a biometano at\u00e9 o Pal\u00e1cio do [&hellip;]<\/p>\n","protected":false},"author":246,"featured_media":196415,"comment_status":"closed","ping_status":"closed","sticky":false,"template":"","format":"standard","meta":{"footnotes":""},"categories":[436,261,439],"tags":[],"class_list":["post-196414","post","type-post","status-publish","format-standard","has-post-thumbnail","hentry","category-destaque-da-semana","category-economia","category-ultima-hora"],"_links":{"self":[{"href":"https:\/\/diarioregionaldigital.com.br\/index.php?rest_route=\/wp\/v2\/posts\/196414","targetHints":{"allow":["GET"]}}],"collection":[{"href":"https:\/\/diarioregionaldigital.com.br\/index.php?rest_route=\/wp\/v2\/posts"}],"about":[{"href":"https:\/\/diarioregionaldigital.com.br\/index.php?rest_route=\/wp\/v2\/types\/post"}],"author":[{"embeddable":true,"href":"https:\/\/diarioregionaldigital.com.br\/index.php?rest_route=\/wp\/v2\/users\/246"}],"replies":[{"embeddable":true,"href":"https:\/\/diarioregionaldigital.com.br\/index.php?rest_route=%2Fwp%2Fv2%2Fcomments&post=196414"}],"version-history":[{"count":1,"href":"https:\/\/diarioregionaldigital.com.br\/index.php?rest_route=\/wp\/v2\/posts\/196414\/revisions"}],"predecessor-version":[{"id":196416,"href":"https:\/\/diarioregionaldigital.com.br\/index.php?rest_route=\/wp\/v2\/posts\/196414\/revisions\/196416"}],"wp:featuredmedia":[{"embeddable":true,"href":"https:\/\/diarioregionaldigital.com.br\/index.php?rest_route=\/wp\/v2\/media\/196415"}],"wp:attachment":[{"href":"https:\/\/diarioregionaldigital.com.br\/index.php?rest_route=%2Fwp%2Fv2%2Fmedia&parent=196414"}],"wp:term":[{"taxonomy":"category","embeddable":true,"href":"https:\/\/diarioregionaldigital.com.br\/index.php?rest_route=%2Fwp%2Fv2%2Fcategories&post=196414"},{"taxonomy":"post_tag","embeddable":true,"href":"https:\/\/diarioregionaldigital.com.br\/index.php?rest_route=%2Fwp%2Fv2%2Ftags&post=196414"}],"curies":[{"name":"wp","href":"https:\/\/api.w.org\/{rel}","templated":true}]}}