{"id":196411,"date":"2022-03-21T18:55:58","date_gmt":"2022-03-21T21:55:58","guid":{"rendered":"https:\/\/diarioregionaldigital.com.br\/?p=196411"},"modified":"2022-03-21T18:55:58","modified_gmt":"2022-03-21T21:55:58","slug":"cnc-aponta-queda-na-confianca-do-empresario-do-comercio","status":"publish","type":"post","link":"https:\/\/diarioregionaldigital.com.br\/?p=196411","title":{"rendered":"CNC aponta queda na confian\u00e7a do empres\u00e1rio do com\u00e9rcio"},"content":{"rendered":"<p>Os comerciantes brasileiros est\u00e3o menos confiantes e tem menos inten\u00e7\u00e3o de investir e de contratar funcion\u00e1rios, de acordo com dados divulgados hoje (21) pela Confedera\u00e7\u00e3o Nacional do Com\u00e9rcio de Bens, Servi\u00e7os e Turismo (CNC). O \u00cdndice de Confian\u00e7a do Empres\u00e1rio do Com\u00e9rcio (Icec), medido mensalmente, recuou 1,3% em mar\u00e7o em rela\u00e7\u00e3o a fevereiro, fechando o primeiro trimestre do ano com queda acumulada de 1,12%.<img decoding=\"async\" src=\"https:\/\/agenciabrasil.ebc.com.br\/ebc.png?id=1449615&amp;o=node\" \/><img decoding=\"async\" src=\"https:\/\/agenciabrasil.ebc.com.br\/ebc.gif?id=1449615&amp;o=node\" \/><\/p>\n<p>O Icec \u00e9 composto pelos indicadores: condi\u00e7\u00f5es atuais do empres\u00e1rio do com\u00e9rcio; expectativas do empres\u00e1rio do com\u00e9rcio; e inten\u00e7\u00f5es de investimento. O objetivo \u00e9 detectar as tend\u00eancias das a\u00e7\u00f5es do setor do ponto de vista do empres\u00e1rio. A amostra \u00e9 composta por aproximadamente 6 mil empresas situadas em todas as capitais do pa\u00eds. O Icec avalia as condi\u00e7\u00f5es atuais, as expectativas de curto prazo e as inten\u00e7\u00f5es de investimento dos neg\u00f3cios do com\u00e9rcio.<\/p>\n<p>Neste m\u00eas, todos os \u00edndices que comp\u00f5em o Icec registraram varia\u00e7\u00f5es negativas, com destaque para condi\u00e7\u00f5es atuais, que recuou 1,6%, enquanto expectativas e Iiten\u00e7\u00e3o de investimentos apresentaram retra\u00e7\u00f5es de 1,2% e 1,1%, respectivamente.<\/p>\n<p>A varia\u00e7\u00e3o negativa mais expressiva entre todos os sub\u00edndices foi verificada no grupo inten\u00e7\u00e3o de investimentos, com um recuo de 3,5% em contrata\u00e7\u00e3o de funcion\u00e1rios. Dentro desse grupo, apenas um sub\u00edndice apresentou varia\u00e7\u00e3o positiva, o relativo \u00e0s inten\u00e7\u00f5es de investir em estoques, que cresceu 1,2%.<\/p>\n<h2>Infla\u00e7\u00e3o e guerra<\/h2>\n<p>A pesquisa aponta os efeitos da infla\u00e7\u00e3o persistente no pa\u00eds e a recente transmiss\u00e3o do aumento dos combust\u00edveis a outros pre\u00e7os como elementos-chave que explicam a evolu\u00e7\u00e3o da baixa confian\u00e7a empresarial. A guerra na Ucr\u00e2nia tamb\u00e9m \u00e9 considerada um fator de peso para o resultado, uma vez que gera um cen\u00e1rio de incertezas.<\/p>\n<p>Segundo o economista da CNC respons\u00e1vel pela an\u00e1lise, Antonio Everton, a queda da inten\u00e7\u00e3o de contratar funcion\u00e1rios pode indicar ajustes nas empresas: &#8220;A varia\u00e7\u00e3o pode sinalizar uma adequa\u00e7\u00e3o nos custos operacionais a uma perspectiva de menor faturamento&#8221;.<\/p>\n<p>H\u00e1 ainda, de acordo com Everton, o fator sazonalidade. Todo in\u00edcio de ano, a chegada de impostos aumentados (IPTU e IPVA), novos valores para condom\u00ednio e mensalidade escolar pesam nos or\u00e7amentos. Al\u00e9m disso, os juros reais por volta de 5% acima da infla\u00e7\u00e3o encarecem o custo da tomada do cr\u00e9dito.<\/p>\n<p>Apesar dos resultados, a pesquisa mostra que o Icec manteve-se na zona de satisfa\u00e7\u00e3o, acima dos 100 pontos, registrando 118 pontos em mar\u00e7o. Os indicadores s\u00e3o medidos em uma escala que vai de 0 a 200 pontos. Em fevereiro, o \u00edndice foi 119,3.<\/p>\n<p>Fonte: Ag\u00eancia Brasil<\/p>\n","protected":false},"excerpt":{"rendered":"<p>Os comerciantes brasileiros est\u00e3o menos confiantes e tem menos inten\u00e7\u00e3o de investir e de contratar funcion\u00e1rios, de acordo com dados divulgados hoje (21) pela Confedera\u00e7\u00e3o Nacional do Com\u00e9rcio de Bens, Servi\u00e7os e Turismo (CNC). O \u00cdndice de Confian\u00e7a do Empres\u00e1rio do Com\u00e9rcio (Icec), medido mensalmente, recuou 1,3% em mar\u00e7o em rela\u00e7\u00e3o a fevereiro, fechando o [&hellip;]<\/p>\n","protected":false},"author":246,"featured_media":196412,"comment_status":"closed","ping_status":"closed","sticky":false,"template":"","format":"standard","meta":{"footnotes":""},"categories":[436,261,439],"tags":[],"class_list":["post-196411","post","type-post","status-publish","format-standard","has-post-thumbnail","hentry","category-destaque-da-semana","category-economia","category-ultima-hora"],"_links":{"self":[{"href":"https:\/\/diarioregionaldigital.com.br\/index.php?rest_route=\/wp\/v2\/posts\/196411","targetHints":{"allow":["GET"]}}],"collection":[{"href":"https:\/\/diarioregionaldigital.com.br\/index.php?rest_route=\/wp\/v2\/posts"}],"about":[{"href":"https:\/\/diarioregionaldigital.com.br\/index.php?rest_route=\/wp\/v2\/types\/post"}],"author":[{"embeddable":true,"href":"https:\/\/diarioregionaldigital.com.br\/index.php?rest_route=\/wp\/v2\/users\/246"}],"replies":[{"embeddable":true,"href":"https:\/\/diarioregionaldigital.com.br\/index.php?rest_route=%2Fwp%2Fv2%2Fcomments&post=196411"}],"version-history":[{"count":1,"href":"https:\/\/diarioregionaldigital.com.br\/index.php?rest_route=\/wp\/v2\/posts\/196411\/revisions"}],"predecessor-version":[{"id":196413,"href":"https:\/\/diarioregionaldigital.com.br\/index.php?rest_route=\/wp\/v2\/posts\/196411\/revisions\/196413"}],"wp:featuredmedia":[{"embeddable":true,"href":"https:\/\/diarioregionaldigital.com.br\/index.php?rest_route=\/wp\/v2\/media\/196412"}],"wp:attachment":[{"href":"https:\/\/diarioregionaldigital.com.br\/index.php?rest_route=%2Fwp%2Fv2%2Fmedia&parent=196411"}],"wp:term":[{"taxonomy":"category","embeddable":true,"href":"https:\/\/diarioregionaldigital.com.br\/index.php?rest_route=%2Fwp%2Fv2%2Fcategories&post=196411"},{"taxonomy":"post_tag","embeddable":true,"href":"https:\/\/diarioregionaldigital.com.br\/index.php?rest_route=%2Fwp%2Fv2%2Ftags&post=196411"}],"curies":[{"name":"wp","href":"https:\/\/api.w.org\/{rel}","templated":true}]}}