{"id":196407,"date":"2022-03-21T18:54:11","date_gmt":"2022-03-21T21:54:11","guid":{"rendered":"https:\/\/diarioregionaldigital.com.br\/?p=196407"},"modified":"2022-03-21T18:54:11","modified_gmt":"2022-03-21T21:54:11","slug":"mercado-aumenta-projecao-da-inflacao-para-659-este-ano","status":"publish","type":"post","link":"https:\/\/diarioregionaldigital.com.br\/?p=196407","title":{"rendered":"Mercado aumenta proje\u00e7\u00e3o da infla\u00e7\u00e3o para 6,59% este ano"},"content":{"rendered":"<p>O mercado financeiro aumentou pela d\u00e9cima vez consecutiva a previs\u00e3o de infla\u00e7\u00e3o para este ano. Segundo proje\u00e7\u00e3o do Boletim Focus, divulgada\u00a0hoje\u00a0(21) pelo Banco Central, o \u00cdndice de Pre\u00e7os ao Consumidor Amplo (IPCA) deve fechar este ano em 6,59%. H\u00e1 uma semana, a proje\u00e7\u00e3o do mercado era de que a infla\u00e7\u00e3o este ano ficasse em 6,45%%. H\u00e1 quatro semanas, a previs\u00e3o era de 5,56%.<img decoding=\"async\" src=\"https:\/\/agenciabrasil.ebc.com.br\/ebc.png?id=1449560&amp;o=node\" \/><img decoding=\"async\" src=\"https:\/\/agenciabrasil.ebc.com.br\/ebc.gif?id=1449560&amp;o=node\" \/><\/p>\n<p>Divulgado semanalmente, o Boletim Focus re\u00fane a proje\u00e7\u00e3o de cerca de 100 institui\u00e7\u00f5es do mercado para os principais indicadores econ\u00f4micos do pa\u00eds.<\/p>\n<p>Para 2023, o mercado tamb\u00e9m aumentou a proje\u00e7\u00e3o da varia\u00e7\u00e3o do IPCA. Com isso, a proje\u00e7\u00e3o desta semana aponta uma infla\u00e7\u00e3o de 3,75% ante os 3,71% projetados na semana passada. H\u00e1 quatro semanas, a proje\u00e7\u00e3o era de uma infla\u00e7\u00e3o de 3,5% no pr\u00f3ximo ano.<\/p>\n<p>Para 2024, o mercado manteve a estimativa da semana passada que projetou uma infla\u00e7\u00e3o de\u00a0 3,15%.<\/p>\n<h2>PIB<\/h2>\n<p>Na proje\u00e7\u00e3o desta semana, o Focus tamb\u00e9m elevou a previs\u00e3o do PIB registrada h\u00e1 sete dias. A nova proje\u00e7\u00e3o \u00e9 de PIB de 0,50%, em 2022, ante o 0,49% previsto na semana passada.<\/p>\n<p>Para 2023, entretanto, o boletim Focus registrou uma redu\u00e7\u00e3o na expectativa de crescimento em rela\u00e7\u00e3o ao apontado na semana passada, passando de 1,43% para 1,3%. H\u00e1 quatro semanas, a previs\u00e3o era de que o PIB crescesse 1,5%. Para 2024, a proje\u00e7\u00e3o ficou est\u00e1vel, em 2%.<\/p>\n<h2>Taxa de juros e c\u00e2mbio<\/h2>\n<p>O mercado tamb\u00e9m projetou alta para a taxa b\u00e1sica de juros, a Selic, para 2022. Na proje\u00e7\u00e3o divulgada nesta\u00a0segunda-feira, a Selic deve ficar em 13%, ante os 12,75% ao ano da semana passada.<\/p>\n<p>Na semana passada, o\u00a0<a href=\"https:\/\/agenciabrasil.ebc.com.br\/economia\/noticia\/2022-03\/copom-eleva-juros-basicos-da-economia-para-1175-ao-ano\">Comit\u00ea de Pol\u00edtica Monet\u00e1ria (Copom) elevou a taxa Selic<\/a>, de 10,75% para 11,75% ao ano para conter a alta nos pre\u00e7os.<\/p>\n<p>Para o fim de 2023, a estimativa do mercado para a Selic tamb\u00e9m aumentou. A nova proje\u00e7\u00e3o \u00e9 que a taxa b\u00e1sica fique em 9% ao ano, ante os 8,75% ao ano da semana passada. Para 2024, a previs\u00e3o da Selic se manteve est\u00e1vel em rela\u00e7\u00e3o \u00e0 semana passada, ficando em 7,50% ao ano.<\/p>\n<p>No que diz respeito ao c\u00e2mbio, a expectativa do mercado para a cota\u00e7\u00e3o do d\u00f3lar em 2022 ficou em R$ 5,30, a mesma da semana passada.<\/p>\n<p>Para o pr\u00f3ximo ano, a previs\u00e3o do mercado foi de uma ligeira alta em rela\u00e7\u00e3o ao projetado na semana anterior. Com isso, a proje\u00e7\u00e3o passou de R$ 5,21 para R$ 5,22, esta semana. Para 2024, a estimativa para a cota\u00e7\u00e3o da moeda americana ficou em R$ 5,20.<\/p>\n<p>Fonte: Ag\u00eancia Brasil<\/p>\n","protected":false},"excerpt":{"rendered":"<p>O mercado financeiro aumentou pela d\u00e9cima vez consecutiva a previs\u00e3o de infla\u00e7\u00e3o para este ano. Segundo proje\u00e7\u00e3o do Boletim Focus, divulgada\u00a0hoje\u00a0(21) pelo Banco Central, o \u00cdndice de Pre\u00e7os ao Consumidor Amplo (IPCA) deve fechar este ano em 6,59%. H\u00e1 uma semana, a proje\u00e7\u00e3o do mercado era de que a infla\u00e7\u00e3o este ano ficasse em 6,45%%. [&hellip;]<\/p>\n","protected":false},"author":246,"featured_media":196408,"comment_status":"closed","ping_status":"closed","sticky":false,"template":"","format":"standard","meta":{"footnotes":""},"categories":[436,440,261,439],"tags":[],"class_list":["post-196407","post","type-post","status-publish","format-standard","has-post-thumbnail","hentry","category-destaque-da-semana","category-destaques-do-dia","category-economia","category-ultima-hora"],"_links":{"self":[{"href":"https:\/\/diarioregionaldigital.com.br\/index.php?rest_route=\/wp\/v2\/posts\/196407","targetHints":{"allow":["GET"]}}],"collection":[{"href":"https:\/\/diarioregionaldigital.com.br\/index.php?rest_route=\/wp\/v2\/posts"}],"about":[{"href":"https:\/\/diarioregionaldigital.com.br\/index.php?rest_route=\/wp\/v2\/types\/post"}],"author":[{"embeddable":true,"href":"https:\/\/diarioregionaldigital.com.br\/index.php?rest_route=\/wp\/v2\/users\/246"}],"replies":[{"embeddable":true,"href":"https:\/\/diarioregionaldigital.com.br\/index.php?rest_route=%2Fwp%2Fv2%2Fcomments&post=196407"}],"version-history":[{"count":2,"href":"https:\/\/diarioregionaldigital.com.br\/index.php?rest_route=\/wp\/v2\/posts\/196407\/revisions"}],"predecessor-version":[{"id":196410,"href":"https:\/\/diarioregionaldigital.com.br\/index.php?rest_route=\/wp\/v2\/posts\/196407\/revisions\/196410"}],"wp:featuredmedia":[{"embeddable":true,"href":"https:\/\/diarioregionaldigital.com.br\/index.php?rest_route=\/wp\/v2\/media\/196408"}],"wp:attachment":[{"href":"https:\/\/diarioregionaldigital.com.br\/index.php?rest_route=%2Fwp%2Fv2%2Fmedia&parent=196407"}],"wp:term":[{"taxonomy":"category","embeddable":true,"href":"https:\/\/diarioregionaldigital.com.br\/index.php?rest_route=%2Fwp%2Fv2%2Fcategories&post=196407"},{"taxonomy":"post_tag","embeddable":true,"href":"https:\/\/diarioregionaldigital.com.br\/index.php?rest_route=%2Fwp%2Fv2%2Ftags&post=196407"}],"curies":[{"name":"wp","href":"https:\/\/api.w.org\/{rel}","templated":true}]}}