{"id":196401,"date":"2022-03-20T06:00:23","date_gmt":"2022-03-20T09:00:23","guid":{"rendered":"https:\/\/diarioregionaldigital.com.br\/?p=196401"},"modified":"2022-03-18T21:30:22","modified_gmt":"2022-03-19T00:30:22","slug":"tempo-de-reconstrucao","status":"publish","type":"post","link":"https:\/\/diarioregionaldigital.com.br\/?p=196401","title":{"rendered":"Tempo de reconstru\u00e7\u00e3o"},"content":{"rendered":"<p>Ao tomar posse na presid\u00eancia da Academia Brasileira de Letras, o jornalista Merval Pereira fez uma rememora\u00e7\u00e3o dos outros imortais que tiveram essa mesma honra, na Casa de Machado de Assis. Falou das dificuldades do mundo de hoje, criticou a pouca import\u00e2ncia do governo central pelas quest\u00f5es culturais, e concluiu afirmando que estaremos vivendo \u201cum tempo de reconstru\u00e7\u00e3o\u201d.<\/p>\n<p>A cerim\u00f4nia foi enriquecida pelo recital da cravista Rosana Lanzelotte, com pe\u00e7as hist\u00f3ricas de Ernesto Nazareth e Domenico Scarlatti, e \u00a0com a entrega do Pr\u00eamio Machado de Assis ao jornalista Ruy Castro, da \u201cFolha de S\u00e3o Paulo\u201d, pelo conjunto das obras, entre as quais \u201cChega de Saudade\u201d e \u201cEla \u00e9 carioca\u201d\u201d.<\/p>\n<p>Merval fez quest\u00e3o de ressaltar que, apesar dos seus 125 anos bem vividos, a Academia tem se mantido, de forma inflex\u00edvel, apartid\u00e1ria. Isso n\u00e3o impediu que dos seus quadros fizessem parte pol\u00edticos do porte de Get\u00falio Vargas, Jos\u00e9 Sarney, Afonso Arinos de Melo Franco e Marco\u00a0 Maciel, entre outros, que souberam manter suas atividades longe da pol\u00edtica acad\u00eamica partid\u00e1ria.<\/p>\n<p>A pretens\u00e3o de Merval \u00e9 unir a tradi\u00e7\u00e3o \u00e0 modernidade. Visa \u00a0tamb\u00e9m a atua\u00e7\u00e3o da ABL nos meios digitais. Lembrou dos dois flagelos que se abateram sobre a humanidade: a crise humanit\u00e1ria que tanto mal fez \u00e0 educa\u00e7\u00e3o e a guerra na Ucr\u00e2nia. \u201cCom a uni\u00e3o nas democracias do mundo inteiro na luta di\u00e1ria contra o mal, a ABL representar\u00e1 uma trincheira a favor da arte, da ci\u00eancia e da paz.\u201d<\/p>\n<p>Em breve voltar\u00e3o a acontecer os ciclos de confer\u00eancias, infelizmente interrompidas por causa da pandemia. Al\u00e9m disso, novos acad\u00eamicos responder\u00e3o por atividades especiais. Fernanda Montenegro far\u00e1 leituras de Nelson Rodrigues no teatro da ABL e os demais que entraram agora ter\u00e3o tarefas que certamente ser\u00e3o muito apreciadas. Na posse, Merval Pereira pediu ao acad\u00eamico Arnaldo Niskier, vice-decano, que entregasse o diploma do Pr\u00eamio Machado de Assis ao escritor e jornalista Ruy Castro. Foi uma noite muito bonita.<\/p>\n","protected":false},"excerpt":{"rendered":"<p>Ao tomar posse na presid\u00eancia da Academia Brasileira de Letras, o jornalista Merval Pereira fez uma rememora\u00e7\u00e3o dos outros imortais que tiveram essa mesma honra, na Casa de Machado de Assis. Falou das dificuldades do mundo de hoje, criticou a pouca import\u00e2ncia do governo central pelas quest\u00f5es culturais, e concluiu afirmando que estaremos vivendo \u201cum [&hellip;]<\/p>\n","protected":false},"author":96,"featured_media":0,"comment_status":"closed","ping_status":"closed","sticky":false,"template":"","format":"standard","meta":{"footnotes":""},"categories":[275],"tags":[],"class_list":["post-196401","post","type-post","status-publish","format-standard","hentry","category-arnaldo-niskier"],"_links":{"self":[{"href":"https:\/\/diarioregionaldigital.com.br\/index.php?rest_route=\/wp\/v2\/posts\/196401","targetHints":{"allow":["GET"]}}],"collection":[{"href":"https:\/\/diarioregionaldigital.com.br\/index.php?rest_route=\/wp\/v2\/posts"}],"about":[{"href":"https:\/\/diarioregionaldigital.com.br\/index.php?rest_route=\/wp\/v2\/types\/post"}],"author":[{"embeddable":true,"href":"https:\/\/diarioregionaldigital.com.br\/index.php?rest_route=\/wp\/v2\/users\/96"}],"replies":[{"embeddable":true,"href":"https:\/\/diarioregionaldigital.com.br\/index.php?rest_route=%2Fwp%2Fv2%2Fcomments&post=196401"}],"version-history":[{"count":1,"href":"https:\/\/diarioregionaldigital.com.br\/index.php?rest_route=\/wp\/v2\/posts\/196401\/revisions"}],"predecessor-version":[{"id":196402,"href":"https:\/\/diarioregionaldigital.com.br\/index.php?rest_route=\/wp\/v2\/posts\/196401\/revisions\/196402"}],"wp:attachment":[{"href":"https:\/\/diarioregionaldigital.com.br\/index.php?rest_route=%2Fwp%2Fv2%2Fmedia&parent=196401"}],"wp:term":[{"taxonomy":"category","embeddable":true,"href":"https:\/\/diarioregionaldigital.com.br\/index.php?rest_route=%2Fwp%2Fv2%2Fcategories&post=196401"},{"taxonomy":"post_tag","embeddable":true,"href":"https:\/\/diarioregionaldigital.com.br\/index.php?rest_route=%2Fwp%2Fv2%2Ftags&post=196401"}],"curies":[{"name":"wp","href":"https:\/\/api.w.org\/{rel}","templated":true}]}}