{"id":196397,"date":"2022-03-18T18:59:23","date_gmt":"2022-03-18T21:59:23","guid":{"rendered":"https:\/\/diarioregionaldigital.com.br\/?p=196397"},"modified":"2022-03-18T18:59:23","modified_gmt":"2022-03-18T21:59:23","slug":"agentes-de-transito-atuam-em-derramamento-de-oleo-no-mariano-procopio","status":"publish","type":"post","link":"https:\/\/diarioregionaldigital.com.br\/?p=196397","title":{"rendered":"Agentes de tr\u00e2nsito atuam em derramamento de \u00f3leo no Mariano Proc\u00f3pio"},"content":{"rendered":"<p>Segundo informa\u00e7\u00f5es do site da Prefeitura de Juiz de Fora, os agentes de transporte e tr\u00e2nsito da Secretaria de Mobilidade Urbana (SMU) da Prefeitura de Juiz de Fora (PJF) atuaram, nesta sexta-feira, 18, em um derramamento de \u00f3leo na esquina da Avenida Coronel Vidal, com Avenida Rui Barbosa, bairro Mariano Proc\u00f3pio. O tr\u00e2nsito no local j\u00e1 est\u00e1 totalmente liberado.<\/p>\n<p>Para conter riscos de acidentes de tr\u00e2nsito e evitar derrapagens, principalmente de motociclistas, foi utilizada a t\u00e9cnica da aplica\u00e7\u00e3o de serragem, pelos agentes da SMU. Estima-se que a causa do derramamento de \u00f3leo seja oriundo de um caminh\u00e3o que passou pelo local.<\/p>\n<p>O procedimento foi realizado ap\u00f3s o isolamento do local e a instala\u00e7\u00e3o de sinaliza\u00e7\u00e3o de seguran\u00e7a com cones canalizando o fluxo de ve\u00edculos para fora da pista afetada. A utiliza\u00e7\u00e3o do m\u00e9todo de aplica\u00e7\u00e3o da serragem tamb\u00e9m \u00e9 utilizado quando h\u00e1 derramamento de qualquer outra subst\u00e2ncia escorregadia na pista que pode causar acidentes de tr\u00e2nsito.<\/p>\n<p>A Central de Opera\u00e7\u00f5es dos Agentes de Tr\u00e2nsito foi acionada para atender a ocorr\u00eancia. Qualquer pessoa pode comunicar a SMU quando houver este tipo de ocorr\u00eancia, entrando em contato pelo telefone 2104-7400.<\/p>\n<div><\/div>\n","protected":false},"excerpt":{"rendered":"<p>Segundo informa\u00e7\u00f5es do site da Prefeitura de Juiz de Fora, os agentes de transporte e tr\u00e2nsito da Secretaria de Mobilidade Urbana (SMU) da Prefeitura de Juiz de Fora (PJF) atuaram, nesta sexta-feira, 18, em um derramamento de \u00f3leo na esquina da Avenida Coronel Vidal, com Avenida Rui Barbosa, bairro Mariano Proc\u00f3pio. O tr\u00e2nsito no local [&hellip;]<\/p>\n","protected":false},"author":246,"featured_media":196398,"comment_status":"closed","ping_status":"closed","sticky":false,"template":"","format":"standard","meta":{"footnotes":""},"categories":[253,436,439],"tags":[],"class_list":["post-196397","post","type-post","status-publish","format-standard","has-post-thumbnail","hentry","category-cidade","category-destaque-da-semana","category-ultima-hora"],"_links":{"self":[{"href":"https:\/\/diarioregionaldigital.com.br\/index.php?rest_route=\/wp\/v2\/posts\/196397","targetHints":{"allow":["GET"]}}],"collection":[{"href":"https:\/\/diarioregionaldigital.com.br\/index.php?rest_route=\/wp\/v2\/posts"}],"about":[{"href":"https:\/\/diarioregionaldigital.com.br\/index.php?rest_route=\/wp\/v2\/types\/post"}],"author":[{"embeddable":true,"href":"https:\/\/diarioregionaldigital.com.br\/index.php?rest_route=\/wp\/v2\/users\/246"}],"replies":[{"embeddable":true,"href":"https:\/\/diarioregionaldigital.com.br\/index.php?rest_route=%2Fwp%2Fv2%2Fcomments&post=196397"}],"version-history":[{"count":1,"href":"https:\/\/diarioregionaldigital.com.br\/index.php?rest_route=\/wp\/v2\/posts\/196397\/revisions"}],"predecessor-version":[{"id":196399,"href":"https:\/\/diarioregionaldigital.com.br\/index.php?rest_route=\/wp\/v2\/posts\/196397\/revisions\/196399"}],"wp:featuredmedia":[{"embeddable":true,"href":"https:\/\/diarioregionaldigital.com.br\/index.php?rest_route=\/wp\/v2\/media\/196398"}],"wp:attachment":[{"href":"https:\/\/diarioregionaldigital.com.br\/index.php?rest_route=%2Fwp%2Fv2%2Fmedia&parent=196397"}],"wp:term":[{"taxonomy":"category","embeddable":true,"href":"https:\/\/diarioregionaldigital.com.br\/index.php?rest_route=%2Fwp%2Fv2%2Fcategories&post=196397"},{"taxonomy":"post_tag","embeddable":true,"href":"https:\/\/diarioregionaldigital.com.br\/index.php?rest_route=%2Fwp%2Fv2%2Ftags&post=196397"}],"curies":[{"name":"wp","href":"https:\/\/api.w.org\/{rel}","templated":true}]}}