{"id":196393,"date":"2022-03-18T18:57:56","date_gmt":"2022-03-18T21:57:56","guid":{"rendered":"https:\/\/diarioregionaldigital.com.br\/?p=196393"},"modified":"2022-03-18T18:57:56","modified_gmt":"2022-03-18T21:57:56","slug":"em-uma-semana-programa-boniteza-atende-mais-de-40-vias-de-jf-com-a-operacao-tapa-buracos","status":"publish","type":"post","link":"https:\/\/diarioregionaldigital.com.br\/?p=196393","title":{"rendered":"Em uma semana, Programa Boniteza atende mais de 40 vias de JF com a opera\u00e7\u00e3o tapa-buracos"},"content":{"rendered":"<p>Segundo informa\u00e7\u00f5es do site da Prefeitura de Juiz de Fora, conforme compromisso assumido durante o recesso de Carnaval, equipes da Empresa Municipal de Pavimenta\u00e7\u00e3o e Urbaniza\u00e7\u00e3o (Empav) estiveram durante toda semana em v\u00e1rias regi\u00f5es de Juiz de Fora com a opera\u00e7\u00e3o tapa-buracos e com os servi\u00e7os de corre\u00e7\u00e3o de eros\u00f5es.<\/p>\n<p>Contando com os trabalhos realizados no \u00faltimo s\u00e1bado, 12, foram 47 vias atendidas, entre ruas e avenidas, em mais de 20 bairros da cidade. No total, 449 toneladas de massa asf\u00e1ltica foram utilizadas para melhorar o tr\u00e2nsito e otimizar o deslocamento de pedestres e motoristas.<\/p>\n<p>Entre os bairros atendidos, destaque para o Bandeirantes, zona sudeste, cujo asfalto foi fortemente prejudicado pelas \u00faltimas chuvas, e que recebeu a opera\u00e7\u00e3o tapa-buracos em quase toda a sua extens\u00e3o. Servidores da Empav tamb\u00e9m seguem com a opera\u00e7\u00e3o no bairro Vivendas da Serra, tradicional local de testes de autoescola. Agora, os candidatos \u00e0 habilita\u00e7\u00e3o poder\u00e3o realizar os seus exames com mais conforto e tranquilidade.<\/p>\n<p>Destaque tamb\u00e9m para a mobiliza\u00e7\u00e3o no bairro Parque das \u00c1guas. A opera\u00e7\u00e3o por l\u00e1 segue em andamento e algumas interven\u00e7\u00f5es t\u00eam sido maiores, como a que foi realizada na rua Maestro Quirino, uma das principais do bairro. Com uso de uma retroescavadeira, servidores da Empav retiraram parte da pavimenta\u00e7\u00e3o que foi totalmente desgastada pela chuva, recompuseram a base e asfaltaram novamente o trecho, mesmo trabalho realizado na Rua K, no Bom Jardim, na \u00faltima ter\u00e7a, 15.<\/p>\n<p>&nbsp;<\/p>\n<p><strong>S\u00e1bado tem equipe no trecjo<\/strong><\/p>\n<p>O balan\u00e7o semanal contabilizou os servi\u00e7os realizados at\u00e9 esta sexta-feira, 18, mas neste s\u00e1bado, 19, equipes da Empav seguem com as atividades pela cidade. Ser\u00e3o diversas equipes, espalhadas por v\u00e1rias regi\u00f5es do munic\u00edpio com a opera\u00e7\u00e3o tapa-buracos, corre\u00e7\u00e3o de eros\u00f5es, poda e corte de \u00e1rvores e limpeza e poda de grama dos corredores centrais.<\/p>\n<p>A\u00a0programa\u00e7\u00e3o di\u00e1ria dos trabalhos pode ser conferida na P\u00e1gina do Gabinete de A\u00e7\u00e3o e Di\u00e1logo Comunit\u00e1rio, da Secretaria de Governo, atrav\u00e9s do<a href=\"https:\/\/www.pjf.mg.gov.br\/gabinetecomunitario\/#onde\">\u00a0link<\/a>.<\/p>\n<p>Todas as a\u00e7\u00f5es de reestrutura\u00e7\u00e3o, urbaniza\u00e7\u00e3o e zeladoria realizadas pela Empav fazem parte do Programa Boniteza. Voc\u00ea pode solicitar estes e outros servi\u00e7os atrav\u00e9s do Gabinete de A\u00e7\u00e3o e Di\u00e1logo Comunit\u00e1rio, que recebe e organiza pedidos relativos a interven\u00e7\u00f5es e melhorias urbanas. O contato pode ser feito por liga\u00e7\u00e3o telef\u00f4nica, pelo n\u00famero (32) 3690-7241 ou, ainda, via WhatsApp, utilizando o mesmo n\u00famero.<\/p>\n","protected":false},"excerpt":{"rendered":"<p>Segundo informa\u00e7\u00f5es do site da Prefeitura de Juiz de Fora, conforme compromisso assumido durante o recesso de Carnaval, equipes da Empresa Municipal de Pavimenta\u00e7\u00e3o e Urbaniza\u00e7\u00e3o (Empav) estiveram durante toda semana em v\u00e1rias regi\u00f5es de Juiz de Fora com a opera\u00e7\u00e3o tapa-buracos e com os servi\u00e7os de corre\u00e7\u00e3o de eros\u00f5es. Contando com os trabalhos realizados [&hellip;]<\/p>\n","protected":false},"author":246,"featured_media":196394,"comment_status":"closed","ping_status":"closed","sticky":false,"template":"","format":"standard","meta":{"footnotes":""},"categories":[253,436,439],"tags":[],"class_list":["post-196393","post","type-post","status-publish","format-standard","has-post-thumbnail","hentry","category-cidade","category-destaque-da-semana","category-ultima-hora"],"_links":{"self":[{"href":"https:\/\/diarioregionaldigital.com.br\/index.php?rest_route=\/wp\/v2\/posts\/196393","targetHints":{"allow":["GET"]}}],"collection":[{"href":"https:\/\/diarioregionaldigital.com.br\/index.php?rest_route=\/wp\/v2\/posts"}],"about":[{"href":"https:\/\/diarioregionaldigital.com.br\/index.php?rest_route=\/wp\/v2\/types\/post"}],"author":[{"embeddable":true,"href":"https:\/\/diarioregionaldigital.com.br\/index.php?rest_route=\/wp\/v2\/users\/246"}],"replies":[{"embeddable":true,"href":"https:\/\/diarioregionaldigital.com.br\/index.php?rest_route=%2Fwp%2Fv2%2Fcomments&post=196393"}],"version-history":[{"count":2,"href":"https:\/\/diarioregionaldigital.com.br\/index.php?rest_route=\/wp\/v2\/posts\/196393\/revisions"}],"predecessor-version":[{"id":196396,"href":"https:\/\/diarioregionaldigital.com.br\/index.php?rest_route=\/wp\/v2\/posts\/196393\/revisions\/196396"}],"wp:featuredmedia":[{"embeddable":true,"href":"https:\/\/diarioregionaldigital.com.br\/index.php?rest_route=\/wp\/v2\/media\/196394"}],"wp:attachment":[{"href":"https:\/\/diarioregionaldigital.com.br\/index.php?rest_route=%2Fwp%2Fv2%2Fmedia&parent=196393"}],"wp:term":[{"taxonomy":"category","embeddable":true,"href":"https:\/\/diarioregionaldigital.com.br\/index.php?rest_route=%2Fwp%2Fv2%2Fcategories&post=196393"},{"taxonomy":"post_tag","embeddable":true,"href":"https:\/\/diarioregionaldigital.com.br\/index.php?rest_route=%2Fwp%2Fv2%2Ftags&post=196393"}],"curies":[{"name":"wp","href":"https:\/\/api.w.org\/{rel}","templated":true}]}}