{"id":196389,"date":"2022-03-18T18:56:27","date_gmt":"2022-03-18T21:56:27","guid":{"rendered":"https:\/\/diarioregionaldigital.com.br\/?p=196389"},"modified":"2022-03-18T18:56:27","modified_gmt":"2022-03-18T21:56:27","slug":"concurso-da-area-da-educacao-ja-recebeu-quase-5-mil-inscricoes","status":"publish","type":"post","link":"https:\/\/diarioregionaldigital.com.br\/?p=196389","title":{"rendered":"Concurso da \u00e1rea da Educa\u00e7\u00e3o j\u00e1 recebeu quase 5 mil inscri\u00e7\u00f5es"},"content":{"rendered":"<div id=\"box_texto_noticia\">\n<p>Segundo informa\u00e7\u00f5es do site da Prefeitura de Juiz de Fora, somente na primeira semana de inscri\u00e7\u00f5es para os editais de concurso p\u00fablico para preenchimento de vagas do Quadro do Magist\u00e9rio da Prefeitura de Juiz de Fora (PJF) j\u00e1 foram realizadas quase cinco mil inscri\u00e7\u00f5es. Ao todo, desde as 14h da \u00faltima segunda, 14, quando iniciou o prazo, at\u00e9 a tarde desta sexta-feira, 18, s\u00e3o 4780 inscritos, distribu\u00eddos entre os quatro editais &#8211; para os cargos de professor regente A (PR-A), professor regente B (PR-B), coordenador pedag\u00f3gico e secret\u00e1rio escolar.<\/p>\n<p>As inscri\u00e7\u00f5es devem ser feitas exclusivamente pela internet, atrav\u00e9s do site da empresa\u00a0<a href=\"https:\/\/www.consulplan.net\/home.aspx\"><strong>organizadora do concurso<\/strong><\/a>. Para os cargos de n\u00edvel m\u00e9dio PR-A e Secret\u00e1rio Escolar, as inscri\u00e7\u00f5es custam R$ 80. J\u00e1 para os cursos que exigem gradua\u00e7\u00e3o PR-B e Coordenador Pedag\u00f3gico, as inscri\u00e7\u00f5es s\u00e3o R$ 100. O prazo vai at\u00e9 as 16h do dia 18 de abril.<\/p>\n<p>Para a inscri\u00e7\u00e3o, o candidato, ap\u00f3s selecionar o cargo a que deseja concorrer, dever\u00e1 imprimir o Documento de Arrecada\u00e7\u00e3o Municipal (DAM) que dever\u00e1 ser pago, em qualquer das institui\u00e7\u00f5es banc\u00e1rias autorizadas, impreterivelmente, at\u00e9 a data de vencimento constante no documento. O banco confirmar\u00e1 o seu pagamento junto \u00e0 Consulplan. A inscri\u00e7\u00e3o via Internet s\u00f3 ser\u00e1 efetivada ap\u00f3s a confirma\u00e7\u00e3o do pagamento feito por meio do boleto banc\u00e1rio at\u00e9 a data do vencimento constante no documento. Conforme o edital, o pagamento ap\u00f3s a data de vencimento implica no cancelamento da inscri\u00e7\u00e3o. O DAM poder\u00e1 ser reimpresso at\u00e9, no m\u00e1ximo, o dia 19 de abril, \u00e0s 20h, com pagamento na mesma data. Os candidatos devem observar atentamente os itens referentes \u00e0 inscri\u00e7\u00e3o. Os editais est\u00e3o dispon\u00edveis neste\u00a0<a href=\"https:\/\/www.consulplan.net\/home.aspx\"><strong>link<\/strong><\/a>.<\/p>\n<p><strong>O concurso<\/strong><\/p>\n<p>Cada edital contar\u00e1 com quatro etapas: prova objetiva de m\u00faltipla escolha, de car\u00e1ter classificat\u00f3rio e eliminat\u00f3rio; prova discursiva, de car\u00e1ter classificat\u00f3rio e eliminat\u00f3rio; prova pr\u00e1tica, de car\u00e1ter eliminat\u00f3rio; e avalia\u00e7\u00e3o de t\u00edtulos, de car\u00e1ter apenas classificat\u00f3rio.<\/p>\n<p><strong>Confira abaixo os detalhes de cada edital com os respectivos links de inscri\u00e7\u00e3o:<\/strong><\/p>\n<p>&#8211;\u00a0<a href=\"https:\/\/www.consulplan.net\/concursosInterna.aspx?k=FMgC4Qeax3Q=\"><strong>Edital 01\/2021 \u2013 Professor regente A (PR-A)<\/strong><\/a><\/p>\n<p>&#8211;\u00a0<a href=\"https:\/\/www.consulplan.net\/concursosInterna.aspx?k=GyJu3H8IMAISBU=\"><strong>Edital 02\/2021 \u2013 Professor regente B (PR-B)<\/strong><\/a><\/p>\n<p>&#8211;<strong>\u00a0<\/strong><a href=\"https:\/\/www.consulplan.net\/concursosInterna.aspx?k=tGF6GfHxbjs=\"><strong>Edital 03\/2021 \u2013 Coordenador Pedag\u00f3gico<\/strong><\/a><\/p>\n<p>&#8211;\u00a0<a href=\"https:\/\/www.consulplan.net\/concursosInterna.aspx?k=eMAISxCVLvDUPo=\"><strong>Edital 04\/2021 \u2013 Secret\u00e1rio Escolar<\/strong><\/a><\/p>\n<p><a href=\"https:\/\/www.pjf.mg.gov.br\/noticias\/view.php?modo=link2&amp;idnoticia2=74433\"><strong>Veja mais aqui<\/strong><\/a><\/p>\n<div>\n<strong>Se voc\u00ea tem interesse em receber esta e outras not\u00edcias da PJF diretamente no WhatsApp, entre no nosso grupo<\/strong><a href=\"https:\/\/chat.whatsapp.com\/FxQ0Mw2LlRh41IOaba3BXk\"><strong>\u00a0<\/strong><strong>\u201cCentral Not\u00edcias PJF\u201d<\/strong><\/a><\/div>\n<\/div>\n<p>&nbsp;<\/p>\n<div id=\"box_compartilhar\" align=\"right\"><\/div>\n","protected":false},"excerpt":{"rendered":"<p>Segundo informa\u00e7\u00f5es do site da Prefeitura de Juiz de Fora, somente na primeira semana de inscri\u00e7\u00f5es para os editais de concurso p\u00fablico para preenchimento de vagas do Quadro do Magist\u00e9rio da Prefeitura de Juiz de Fora (PJF) j\u00e1 foram realizadas quase cinco mil inscri\u00e7\u00f5es. Ao todo, desde as 14h da \u00faltima segunda, 14, quando iniciou [&hellip;]<\/p>\n","protected":false},"author":246,"featured_media":196390,"comment_status":"closed","ping_status":"closed","sticky":false,"template":"","format":"standard","meta":{"footnotes":""},"categories":[253,436,439],"tags":[],"class_list":["post-196389","post","type-post","status-publish","format-standard","has-post-thumbnail","hentry","category-cidade","category-destaque-da-semana","category-ultima-hora"],"_links":{"self":[{"href":"https:\/\/diarioregionaldigital.com.br\/index.php?rest_route=\/wp\/v2\/posts\/196389","targetHints":{"allow":["GET"]}}],"collection":[{"href":"https:\/\/diarioregionaldigital.com.br\/index.php?rest_route=\/wp\/v2\/posts"}],"about":[{"href":"https:\/\/diarioregionaldigital.com.br\/index.php?rest_route=\/wp\/v2\/types\/post"}],"author":[{"embeddable":true,"href":"https:\/\/diarioregionaldigital.com.br\/index.php?rest_route=\/wp\/v2\/users\/246"}],"replies":[{"embeddable":true,"href":"https:\/\/diarioregionaldigital.com.br\/index.php?rest_route=%2Fwp%2Fv2%2Fcomments&post=196389"}],"version-history":[{"count":2,"href":"https:\/\/diarioregionaldigital.com.br\/index.php?rest_route=\/wp\/v2\/posts\/196389\/revisions"}],"predecessor-version":[{"id":196392,"href":"https:\/\/diarioregionaldigital.com.br\/index.php?rest_route=\/wp\/v2\/posts\/196389\/revisions\/196392"}],"wp:featuredmedia":[{"embeddable":true,"href":"https:\/\/diarioregionaldigital.com.br\/index.php?rest_route=\/wp\/v2\/media\/196390"}],"wp:attachment":[{"href":"https:\/\/diarioregionaldigital.com.br\/index.php?rest_route=%2Fwp%2Fv2%2Fmedia&parent=196389"}],"wp:term":[{"taxonomy":"category","embeddable":true,"href":"https:\/\/diarioregionaldigital.com.br\/index.php?rest_route=%2Fwp%2Fv2%2Fcategories&post=196389"},{"taxonomy":"post_tag","embeddable":true,"href":"https:\/\/diarioregionaldigital.com.br\/index.php?rest_route=%2Fwp%2Fv2%2Ftags&post=196389"}],"curies":[{"name":"wp","href":"https:\/\/api.w.org\/{rel}","templated":true}]}}