{"id":196386,"date":"2022-03-18T18:54:23","date_gmt":"2022-03-18T21:54:23","guid":{"rendered":"https:\/\/diarioregionaldigital.com.br\/?p=196386"},"modified":"2022-03-18T18:54:23","modified_gmt":"2022-03-18T21:54:23","slug":"prefeita-se-reune-com-governador-para-viabilizar-estrada-que-liga-aeroporto-da-zona-da-mata-a-br-040","status":"publish","type":"post","link":"https:\/\/diarioregionaldigital.com.br\/?p=196386","title":{"rendered":"Prefeita se re\u00fane com Governador para viabilizar estrada que liga Aeroporto da Zona da Mata \u00e0 BR 040"},"content":{"rendered":"<p>Segundo informa\u00e7\u00f5es do site da Prefeitura de Juiz de Fora,\u00a0 nesta sexta-feira, dia 18, a prefeita Margarida Salom\u00e3o se reuniu com o Governador de Minas Gerais, Romeu Zema, e com prefeitos da regi\u00e3o, na Ag\u00eancia de Coopera\u00e7\u00e3o Intermunicipal em Sa\u00fade P\u00e9 da Serra (Acispes). A chefe do executivo municipal prop\u00f4s ao governador reativar o projeto de constru\u00e7\u00e3o de rodovia que conecte o Aeroporto Itamar Franco \u00e0 BR-040 e ao Porto Seco.<\/p>\n<p>O projeto executivo j\u00e1 est\u00e1 dispon\u00edvel para o governo estadual por meio do Departamento de Edifica\u00e7\u00f5es e Estradas de Rodagem de Minas Gerais (DER) e falta apenas a execu\u00e7\u00e3o da licita\u00e7\u00e3o. A obra \u00e9 or\u00e7ada em cerca de R $200 milh\u00f5es.<\/p>\n<p>A prefeita destaca que ser\u00e1 uma obra fundamental, permitindo que a economia da cidade se internacionalize, al\u00e9m de atrair empreendimentos de grande porte para Juiz de Fora. \u201cO objetivo \u00e9 que o Aeroporto Itamar Franco, absolutamente subutilizado atualmente, venha se tornar o aeroporto de carga alternativo ao aeroporto Gale\u00e3o, hoje, bastante exaurido na sua possibilidade de desempenhar essa tarefa\u201d, destaca a chefe do executivo.<\/p>\n<p>De acordo ainda com a prefeita, o pr\u00f3ximo passo \u00e9 acelerar esse processo de viabiliza\u00e7\u00e3o da estrada em Belo Horizonte, enquanto o governador vai buscar o projeto no DER.<\/p>\n","protected":false},"excerpt":{"rendered":"<p>Segundo informa\u00e7\u00f5es do site da Prefeitura de Juiz de Fora,\u00a0 nesta sexta-feira, dia 18, a prefeita Margarida Salom\u00e3o se reuniu com o Governador de Minas Gerais, Romeu Zema, e com prefeitos da regi\u00e3o, na Ag\u00eancia de Coopera\u00e7\u00e3o Intermunicipal em Sa\u00fade P\u00e9 da Serra (Acispes). A chefe do executivo municipal prop\u00f4s ao governador reativar o projeto [&hellip;]<\/p>\n","protected":false},"author":246,"featured_media":196387,"comment_status":"closed","ping_status":"closed","sticky":false,"template":"","format":"standard","meta":{"footnotes":""},"categories":[253,436,440,439],"tags":[],"class_list":["post-196386","post","type-post","status-publish","format-standard","has-post-thumbnail","hentry","category-cidade","category-destaque-da-semana","category-destaques-do-dia","category-ultima-hora"],"_links":{"self":[{"href":"https:\/\/diarioregionaldigital.com.br\/index.php?rest_route=\/wp\/v2\/posts\/196386","targetHints":{"allow":["GET"]}}],"collection":[{"href":"https:\/\/diarioregionaldigital.com.br\/index.php?rest_route=\/wp\/v2\/posts"}],"about":[{"href":"https:\/\/diarioregionaldigital.com.br\/index.php?rest_route=\/wp\/v2\/types\/post"}],"author":[{"embeddable":true,"href":"https:\/\/diarioregionaldigital.com.br\/index.php?rest_route=\/wp\/v2\/users\/246"}],"replies":[{"embeddable":true,"href":"https:\/\/diarioregionaldigital.com.br\/index.php?rest_route=%2Fwp%2Fv2%2Fcomments&post=196386"}],"version-history":[{"count":1,"href":"https:\/\/diarioregionaldigital.com.br\/index.php?rest_route=\/wp\/v2\/posts\/196386\/revisions"}],"predecessor-version":[{"id":196388,"href":"https:\/\/diarioregionaldigital.com.br\/index.php?rest_route=\/wp\/v2\/posts\/196386\/revisions\/196388"}],"wp:featuredmedia":[{"embeddable":true,"href":"https:\/\/diarioregionaldigital.com.br\/index.php?rest_route=\/wp\/v2\/media\/196387"}],"wp:attachment":[{"href":"https:\/\/diarioregionaldigital.com.br\/index.php?rest_route=%2Fwp%2Fv2%2Fmedia&parent=196386"}],"wp:term":[{"taxonomy":"category","embeddable":true,"href":"https:\/\/diarioregionaldigital.com.br\/index.php?rest_route=%2Fwp%2Fv2%2Fcategories&post=196386"},{"taxonomy":"post_tag","embeddable":true,"href":"https:\/\/diarioregionaldigital.com.br\/index.php?rest_route=%2Fwp%2Fv2%2Ftags&post=196386"}],"curies":[{"name":"wp","href":"https:\/\/api.w.org\/{rel}","templated":true}]}}