{"id":196382,"date":"2022-03-18T18:50:04","date_gmt":"2022-03-18T21:50:04","guid":{"rendered":"https:\/\/diarioregionaldigital.com.br\/?p=196382"},"modified":"2022-03-18T18:50:04","modified_gmt":"2022-03-18T21:50:04","slug":"raissa-rocha-quebra-recorde-mundial-do-lancamento-de-dardo","status":"publish","type":"post","link":"https:\/\/diarioregionaldigital.com.br\/?p=196382","title":{"rendered":"Raissa Rocha quebra recorde mundial do lan\u00e7amento de dardo"},"content":{"rendered":"<p>A baiana Raissa Rocha, da classe F56, estabeleceu o novo recorde mundial do lan\u00e7amento de dardo no segundo e \u00faltimo dia da 1\u00aa Fase Nacional de atletismo do Circuito Paral\u00edmpico, que ocorreu no Centro de Treinamento Paral\u00edmpico, em S\u00e3o Paulo. Ao todo, 230 atletas estavam inscritos para o evento que inaugurou a temporada 2022.<\/p>\n<p>Em seu quarto lan\u00e7amento, Raissa alcan\u00e7ou 24m80 e estabeleceu o novo recorde mundial da classe F56 (para atletas com comprometimento nos membros inferiores e que lan\u00e7am sentado).<\/p>\n<div class=\"\">\n<div id=\"content\">\n<article>\n<div id=\"content-core\">\n<div id=\"parent-fieldname-text\" class=\"\">\n<div>\n<p>\u201cEu n\u00e3o esperava. Estou fazendo testes de for\u00e7a nos treinos, ent\u00e3o eu n\u00e3o esperava pelos 24m80. Estou muito feliz! Isso significa que em breve vir\u00e3o outras marcas boas. O objetivo era lan\u00e7ar 23m96, mas vieram os 24m80\u201d, contou Raissa, que nasceu com m\u00e1-forma\u00e7\u00e3o nas pernas.<\/p>\n<p>A antiga marca mundial, 24m50, pertencia \u00e0 iraniana Hashemiyeh Moavi, feita nos Jogos Paral\u00edmpicos de T\u00f3quio 2020. Esta marca tamb\u00e9m lhe rendeu a medalha de ouro na competi\u00e7\u00e3o. Na ocasi\u00e3o, Raissa lan\u00e7ou 24m39 e ficou com a prata.\u00a0\u201cAgora \u00e9 continuar trabalhando, continuar no foco para chegar aos 25m, este \u00e9 o meu objetivo\u201d, completou a atleta natural de Ibipeba, na Bahia.<\/p>\n<p>As disputas da 1\u00aa Fase Nacional de atletismo do Circuito Paral\u00edmpico Loterias Caixa terminaram na manh\u00e3 deste domingo. O Campeonato Brasileiro da modalidade est\u00e1 previso para maio e a 2\u00aa Fase Nacional para junho.<\/p>\n<p><strong>Fonte: Comit\u00ea Paral\u00edmpico Brasileiro (CPB)<\/strong><\/p>\n<\/div>\n<\/div>\n<\/div>\n<div class=\"visualClear\"><\/div>\n<div class=\"documentActions\"><\/div>\n<\/article>\n<\/div>\n<\/div>\n<div id=\"viewlet-below-content\">\n<div class=\"horizontal\">\n<div class=\"sociallike-network-facebook\">\n<div class=\"fb-share-button fb_iframe_widget\" data-layout=\"button_count\" data-href=\"http:\/\/rededoesporte.gov.br\/pt-br\/noticias\/raissa-rocha-quebra-recorde-mundial-do-lancamento-de-dardo\"><\/div>\n<\/div>\n<\/div>\n<\/div>\n","protected":false},"excerpt":{"rendered":"<p>A baiana Raissa Rocha, da classe F56, estabeleceu o novo recorde mundial do lan\u00e7amento de dardo no segundo e \u00faltimo dia da 1\u00aa Fase Nacional de atletismo do Circuito Paral\u00edmpico, que ocorreu no Centro de Treinamento Paral\u00edmpico, em S\u00e3o Paulo. Ao todo, 230 atletas estavam inscritos para o evento que inaugurou a temporada 2022. Em [&hellip;]<\/p>\n","protected":false},"author":246,"featured_media":196383,"comment_status":"closed","ping_status":"closed","sticky":false,"template":"","format":"standard","meta":{"footnotes":""},"categories":[436,257,439],"tags":[],"class_list":["post-196382","post","type-post","status-publish","format-standard","has-post-thumbnail","hentry","category-destaque-da-semana","category-esporte","category-ultima-hora"],"_links":{"self":[{"href":"https:\/\/diarioregionaldigital.com.br\/index.php?rest_route=\/wp\/v2\/posts\/196382","targetHints":{"allow":["GET"]}}],"collection":[{"href":"https:\/\/diarioregionaldigital.com.br\/index.php?rest_route=\/wp\/v2\/posts"}],"about":[{"href":"https:\/\/diarioregionaldigital.com.br\/index.php?rest_route=\/wp\/v2\/types\/post"}],"author":[{"embeddable":true,"href":"https:\/\/diarioregionaldigital.com.br\/index.php?rest_route=\/wp\/v2\/users\/246"}],"replies":[{"embeddable":true,"href":"https:\/\/diarioregionaldigital.com.br\/index.php?rest_route=%2Fwp%2Fv2%2Fcomments&post=196382"}],"version-history":[{"count":2,"href":"https:\/\/diarioregionaldigital.com.br\/index.php?rest_route=\/wp\/v2\/posts\/196382\/revisions"}],"predecessor-version":[{"id":196385,"href":"https:\/\/diarioregionaldigital.com.br\/index.php?rest_route=\/wp\/v2\/posts\/196382\/revisions\/196385"}],"wp:featuredmedia":[{"embeddable":true,"href":"https:\/\/diarioregionaldigital.com.br\/index.php?rest_route=\/wp\/v2\/media\/196383"}],"wp:attachment":[{"href":"https:\/\/diarioregionaldigital.com.br\/index.php?rest_route=%2Fwp%2Fv2%2Fmedia&parent=196382"}],"wp:term":[{"taxonomy":"category","embeddable":true,"href":"https:\/\/diarioregionaldigital.com.br\/index.php?rest_route=%2Fwp%2Fv2%2Fcategories&post=196382"},{"taxonomy":"post_tag","embeddable":true,"href":"https:\/\/diarioregionaldigital.com.br\/index.php?rest_route=%2Fwp%2Fv2%2Ftags&post=196382"}],"curies":[{"name":"wp","href":"https:\/\/api.w.org\/{rel}","templated":true}]}}