{"id":196373,"date":"2022-03-18T18:46:43","date_gmt":"2022-03-18T21:46:43","guid":{"rendered":"https:\/\/diarioregionaldigital.com.br\/?p=196373"},"modified":"2022-03-18T18:46:43","modified_gmt":"2022-03-18T21:46:43","slug":"pia-sundhage-convoca-selecao-feminina-para-enfrentar-espanha-e-hungria","status":"publish","type":"post","link":"https:\/\/diarioregionaldigital.com.br\/?p=196373","title":{"rendered":"Pia Sundhage convoca sele\u00e7\u00e3o feminina para enfrentar Espanha e Hungria"},"content":{"rendered":"<p>A t\u00e9cnica Pia Sundhage convocou nesta\u00a0sexta-feira (18) a sele\u00e7\u00e3o feminina de futebol para amistosos contra Espanha e Hungria, nos dias 7 e\u00a011 de abril, respectivamente, nas cidades espanholas de Alicante e Pinatar. Os hor\u00e1rios das partidas ainda ser\u00e3o confirmados.<img decoding=\"async\" src=\"https:\/\/agenciabrasil.ebc.com.br\/ebc.png?id=1449183&amp;o=node\" \/><img decoding=\"async\" src=\"https:\/\/agenciabrasil.ebc.com.br\/ebc.gif?id=1449183&amp;o=node\" \/><\/p>\n<p>A rela\u00e7\u00e3o de 23 jogadoras tem duas caras novas: a goleira Mayara (Internacional) e a zagueira Giovanna Campiolo (Corinthians). Na compara\u00e7\u00e3o com o grupo que esteve no Torneio Internacional da Fran\u00e7a, em fevereiro, s\u00e3o mais quatro novidades: as volantes Ingryd (Ferrovi\u00e1ria) e Duda Santos (Palmeiras) e as atacantes Gabi Nunes (Madrid CFF, da Espanha) e Bia Zaneratto (Palmeiras). Esta \u00faltima havia sido convocada para a competi\u00e7\u00e3o, mas teve de ser cortada antes da viagem, devido \u00e0 infec\u00e7\u00e3o pelo novo coronav\u00edrus (covid-19).<\/p>\n<p>Os jogos com Espanha e Hungria servem de prepara\u00e7\u00e3o\u00a0para a Copa Am\u00e9rica, que ser\u00e1 disputada entre 8 e\u00a030 de julho, na Col\u00f4mbia. A competi\u00e7\u00e3o qualifica os tr\u00eas primeiros \u00e0 Copa do Mundo do ano que vem, em Austr\u00e1lia e Nova Zel\u00e2ndia, de forma direta. O quarto e o quinto colocados\u00a0ter\u00e3o pela frente um<em>\u00a0playoff\u00a0<\/em>internacional.<\/p>\n<p>&#8220;Agrade\u00e7o ao Thiago [Mehl, preparador de goleiras da sele\u00e7\u00e3o brasileira] pelo trabalho dele, pois agora vemos diferentes goleiras. \u00c9 uma \u00e1rea onde temos duas goleiras jovens [Mayara e Lorena, do Gr\u00eamio] e a Let\u00edcia [Izidoro, do Corinthians] mais experiente. Gosto dessa competi\u00e7\u00e3o entre elas. O pr\u00f3ximo passo \u00e9 termos a goleira jogando um pouco mais avan\u00e7ada. Se voc\u00ea \u00e9 uma goleira jovem, precisa de experi\u00eancia. Ser\u00e1 a primeira vez que a verei [Mayara] junto das outras e estou ansiosa por esse momento&#8221;, disse Pia, em entrevista coletiva.<\/p>\n<p>&#8220;A [convoca\u00e7\u00e3o da] Copa Am\u00e9rica ainda est\u00e1 bem aberta. O Campeonato Brasileiro acabou de come\u00e7ar e o dos Estados Unidos tamb\u00e9m. Na Europa, j\u00e1 temos uma boa ideia do que est\u00e1 acontecendo. Se olharmos o Corinthians, que \u00e9 um excelente time, a Giovanna tem participado de muitos jogos e \u00e9 exatamente essa a raz\u00e3o pela qual est\u00e1 aqui. Tem muita experi\u00eancia e queremos experiment\u00e1-la no pr\u00f3ximo n\u00edvel&#8221;, completou a treinadora.<\/p>\n<p>O jogo com as anfitri\u00e3s ser\u00e1 o principal da sequ\u00eancia. As espanholas ocupam o nono lugar do ranking da Federa\u00e7\u00e3o Internacional de Futebol (Fifa), duas posi\u00e7\u00f5es abaixo do Brasil. Em julho, disputar\u00e3o a Eurocopa Feminina, na Inglaterra. Al\u00e9m disso, v\u00eam de bons resultados em competi\u00e7\u00f5es de base, com dois t\u00edtulos continentais (sub-17 e sub-19) e a conquista do Mundial sub-17, todos em 2018. Eleita a melhor jogadora do mundo pela Fifa e Bola de Ouro (ambas as premia\u00e7\u00f5es em 2021), a meia Alexia Putellas \u00e9 a principal atleta da equipe.<\/p>\n<p>&#8220;A Espanha gosta de manter a bola. Para criarmos chances, haver\u00e1 a situa\u00e7\u00e3o em que nossa defesa dever\u00e1 se tornar o ataque. Nesse momento espec\u00edfico, teremos chance para contra-atacar, mas n\u00e3o podemos jogar s\u00f3 assim. Temos que encontrar o equil\u00edbrio entre sair em velocidade e controlarmos a bola. Essa decis\u00e3o espec\u00edfica \u00e9 a mais dif\u00edcil e \u00e9 preciso que as jogadoras estejam na mesma p\u00e1gina. Quero ver nossa defesa com a mesma paci\u00eancia, mas um pouco mais agressiva. Se pudermos disputarmos a bola, aproveitarmos a chance. Temos que envolver o time inteiro no ataque e na tomada de decis\u00e3o&#8221;, concluiu Pia.<\/p>\n<h2>Convocadas<\/h2>\n<p>Goleiras:\u00a0Let\u00edcia Izidoro (Corinthians), Lorena (Gr\u00eamio) e Mayara (Internacional).<\/p>\n<p>Defensoras:\u00a0Rafaelle (Arsenal-ING), Giovana Campiolo (Corinthians), Tainara (Bordeaux-FRA), Tamires (Corinthians), Antonia (Madrid CFF-ESP), Tha\u00eds Regina (S\u00e3o Paulo), Let\u00edcia Santos (Eintracht Frankfurt-ALE) e F\u00ea Palermo (S\u00e3o Paulo).<\/p>\n<p>Meio-campistas:\u00a0Duda Santos (Palmeiras), Ary Borges (Palmeiras), Adriana (Corinthians), Kerolin (North Carolina Courage-EUA), Angelina (OL Reign-EUA), Ingryd (Ferrovi\u00e1ria), Luana (Paris Saint-Germain-FRA) e Marta (Orlando Pride-EUA).<\/p>\n<p>Atacantes:\u00a0Gabi Nunes (Madrid CFF-ESP), Debinha (North Carolina Courage-EUA, Geyse (Madrid CFF-ESP) e Bia Zaneratto (Palmeiras).<\/p>\n<p>Fonte: Ag\u00eancia Brasil<\/p>\n","protected":false},"excerpt":{"rendered":"<p>A t\u00e9cnica Pia Sundhage convocou nesta\u00a0sexta-feira (18) a sele\u00e7\u00e3o feminina de futebol para amistosos contra Espanha e Hungria, nos dias 7 e\u00a011 de abril, respectivamente, nas cidades espanholas de Alicante e Pinatar. Os hor\u00e1rios das partidas ainda ser\u00e3o confirmados. A rela\u00e7\u00e3o de 23 jogadoras tem duas caras novas: a goleira Mayara (Internacional) e a zagueira [&hellip;]<\/p>\n","protected":false},"author":246,"featured_media":196374,"comment_status":"closed","ping_status":"closed","sticky":false,"template":"","format":"standard","meta":{"footnotes":""},"categories":[436,257,439],"tags":[],"class_list":["post-196373","post","type-post","status-publish","format-standard","has-post-thumbnail","hentry","category-destaque-da-semana","category-esporte","category-ultima-hora"],"_links":{"self":[{"href":"https:\/\/diarioregionaldigital.com.br\/index.php?rest_route=\/wp\/v2\/posts\/196373","targetHints":{"allow":["GET"]}}],"collection":[{"href":"https:\/\/diarioregionaldigital.com.br\/index.php?rest_route=\/wp\/v2\/posts"}],"about":[{"href":"https:\/\/diarioregionaldigital.com.br\/index.php?rest_route=\/wp\/v2\/types\/post"}],"author":[{"embeddable":true,"href":"https:\/\/diarioregionaldigital.com.br\/index.php?rest_route=\/wp\/v2\/users\/246"}],"replies":[{"embeddable":true,"href":"https:\/\/diarioregionaldigital.com.br\/index.php?rest_route=%2Fwp%2Fv2%2Fcomments&post=196373"}],"version-history":[{"count":2,"href":"https:\/\/diarioregionaldigital.com.br\/index.php?rest_route=\/wp\/v2\/posts\/196373\/revisions"}],"predecessor-version":[{"id":196376,"href":"https:\/\/diarioregionaldigital.com.br\/index.php?rest_route=\/wp\/v2\/posts\/196373\/revisions\/196376"}],"wp:featuredmedia":[{"embeddable":true,"href":"https:\/\/diarioregionaldigital.com.br\/index.php?rest_route=\/wp\/v2\/media\/196374"}],"wp:attachment":[{"href":"https:\/\/diarioregionaldigital.com.br\/index.php?rest_route=%2Fwp%2Fv2%2Fmedia&parent=196373"}],"wp:term":[{"taxonomy":"category","embeddable":true,"href":"https:\/\/diarioregionaldigital.com.br\/index.php?rest_route=%2Fwp%2Fv2%2Fcategories&post=196373"},{"taxonomy":"post_tag","embeddable":true,"href":"https:\/\/diarioregionaldigital.com.br\/index.php?rest_route=%2Fwp%2Fv2%2Ftags&post=196373"}],"curies":[{"name":"wp","href":"https:\/\/api.w.org\/{rel}","templated":true}]}}