{"id":196369,"date":"2022-03-18T18:44:44","date_gmt":"2022-03-18T21:44:44","guid":{"rendered":"https:\/\/diarioregionaldigital.com.br\/?p=196369"},"modified":"2022-03-18T18:44:44","modified_gmt":"2022-03-18T21:44:44","slug":"com-calderano-como-atracao-principal-wtt-contender-doha-comecou-nesta-sexta","status":"publish","type":"post","link":"https:\/\/diarioregionaldigital.com.br\/?p=196369","title":{"rendered":"Com Calderano como atra\u00e7\u00e3o principal, WTT Contender Doha come\u00e7ou nesta sexta"},"content":{"rendered":"<p>O segundo evento da s\u00e9rie de tr\u00eas campeonatos adultos em Doha, no Catar, teve in\u00edcio nesta sexta-feira (18.03), o WTT Contender desembarcou na capital catariana com dois dos melhores brasileiros no ranking mundial: o terceiro melhor mesa-tenista do mundo e cabe\u00e7a de chave n\u00famero 1 do campeonato, Hugo Calderano, e o n\u00famero 91 do ranking mundial, Thiago Monteiro.<\/p>\n<p>Calderano inicia a caminhada na fase principal, que est\u00e1 prevista para ocorrer a partir da pr\u00f3xima segunda-feira (21.03) pela fase de 32, etapa em que aguarda o oponente que vir\u00e1 da fase de qualifica\u00e7\u00e3o.<\/p>\n<p>O brasileiro tem boas lembran\u00e7as da cidade-anfitri\u00e3 da competi\u00e7\u00e3o. Foi nela que o n\u00famero 3 do mundo chegou em uma final de evento Platinum em 2018, quando terminou com a prata. Foi tamb\u00e9m na capital do Catar que Calderano assegurou o t\u00edtulo do WTT Star Contender &#8211; uma das principais competi\u00e7\u00f5es do Circuito Mundial da modalidade \u2013 na temporada passada.<\/p>\n<p>O WTT Star Contender que o carioca terminou com o ouro ocorreu em setembro passado, um m\u00eas ap\u00f3s o t\u00e9rmino da Olimp\u00edada de T\u00f3quio. Foi depois do megaevento que ele apresentou uma boa sequ\u00eancia de resultados e subidas no ranking mundial.<\/p>\n<p>\u201cConsegui treinar muito forte depois dos Jogos Ol\u00edmpicos e senti que meu n\u00edvel subiu bastante. Espero continuar mantendo esse ritmo e regularidade nas pr\u00f3ximas competi\u00e7\u00f5es\u201d, disse o brasileiro.<\/p>\n<p>Ele ainda falou sobre as metas a serem alcan\u00e7adas agora que \u00e9 o n\u00famero tr\u00eas do mundo: \u201cQuanto mais voc\u00ea chega perto do topo, mais \u00e9 dif\u00edcil subir. O importante \u00e9 continuar evoluindo e brigando por t\u00edtulos nas maiores competi\u00e7\u00f5es\u201d.<\/p>\n<p>Calderano busca bons resultados nos dois campeonatos do Catar: o WTT Contender e o WTT Star Contender, que ser\u00e1 a partir da pr\u00f3xima sexta (25.03). O brasileiro vem de derrota na estreia do WTT Grand Smash, que ainda est\u00e1 ocorrendo em Singapura. Seu rev\u00e9s veio diante do portugu\u00eas Jo\u00e3o Geraldo na fase de 64 do quadrangular principal.<\/p>\n<p>Outro brasileiro no p\u00e1reo em Doha \u00e9 Thiago Monteiro. O cearense vem de disputa do WTT Feeder (tamb\u00e9m no Catar), torneio em que era cabe\u00e7a de chave. Ele acabou caindo na fase de 32 e, agora, acredita que est\u00e1 se sentindo melhor para este campeonato.<\/p>\n<p>\u201cEu gosto de vir para c\u00e1 (Doha), sempre me sinto bem jogando aqui. Estou sem muitas expectativas, mas j\u00e1 me sinto um pouco melhor do que no torneio passado\u201d, admitiu o brasileiro.<\/p>\n<p>Monteiro ter\u00e1 de passar pela fase de qualifica\u00e7\u00e3o do WTT Contender. Ele est\u00e1 de \u201cbye\u201d na rodada 1 preliminar e aguarda o confronto entre o argelino Mehdi Bouloussa (319\u00ba colocado no ranking mundial) e o belga Rares Sipos (159\u00ba) para decidir quem vai enfrent\u00e1-lo na seguinte.<\/p>\n<p>O WTT Contender, em Doha, tem final prevista para a pr\u00f3xima quinta-feira (24.03), um dia antes do in\u00edcio do WTT Star Contender (na mesma cidade), que reunir\u00e1 os melhores do mundo da modalidade. Ambos os torneios ser\u00e3o realizados no Lusail Sports Arena.<\/p>\n<p>Fonte: Confedera\u00e7\u00e3o Brasileira de T\u00eanis de Mesa<\/p>\n","protected":false},"excerpt":{"rendered":"<p>O segundo evento da s\u00e9rie de tr\u00eas campeonatos adultos em Doha, no Catar, teve in\u00edcio nesta sexta-feira (18.03), o WTT Contender desembarcou na capital catariana com dois dos melhores brasileiros no ranking mundial: o terceiro melhor mesa-tenista do mundo e cabe\u00e7a de chave n\u00famero 1 do campeonato, Hugo Calderano, e o n\u00famero 91 do ranking [&hellip;]<\/p>\n","protected":false},"author":246,"featured_media":196370,"comment_status":"closed","ping_status":"closed","sticky":false,"template":"","format":"standard","meta":{"footnotes":""},"categories":[436,440,257,439],"tags":[],"class_list":["post-196369","post","type-post","status-publish","format-standard","has-post-thumbnail","hentry","category-destaque-da-semana","category-destaques-do-dia","category-esporte","category-ultima-hora"],"_links":{"self":[{"href":"https:\/\/diarioregionaldigital.com.br\/index.php?rest_route=\/wp\/v2\/posts\/196369","targetHints":{"allow":["GET"]}}],"collection":[{"href":"https:\/\/diarioregionaldigital.com.br\/index.php?rest_route=\/wp\/v2\/posts"}],"about":[{"href":"https:\/\/diarioregionaldigital.com.br\/index.php?rest_route=\/wp\/v2\/types\/post"}],"author":[{"embeddable":true,"href":"https:\/\/diarioregionaldigital.com.br\/index.php?rest_route=\/wp\/v2\/users\/246"}],"replies":[{"embeddable":true,"href":"https:\/\/diarioregionaldigital.com.br\/index.php?rest_route=%2Fwp%2Fv2%2Fcomments&post=196369"}],"version-history":[{"count":2,"href":"https:\/\/diarioregionaldigital.com.br\/index.php?rest_route=\/wp\/v2\/posts\/196369\/revisions"}],"predecessor-version":[{"id":196372,"href":"https:\/\/diarioregionaldigital.com.br\/index.php?rest_route=\/wp\/v2\/posts\/196369\/revisions\/196372"}],"wp:featuredmedia":[{"embeddable":true,"href":"https:\/\/diarioregionaldigital.com.br\/index.php?rest_route=\/wp\/v2\/media\/196370"}],"wp:attachment":[{"href":"https:\/\/diarioregionaldigital.com.br\/index.php?rest_route=%2Fwp%2Fv2%2Fmedia&parent=196369"}],"wp:term":[{"taxonomy":"category","embeddable":true,"href":"https:\/\/diarioregionaldigital.com.br\/index.php?rest_route=%2Fwp%2Fv2%2Fcategories&post=196369"},{"taxonomy":"post_tag","embeddable":true,"href":"https:\/\/diarioregionaldigital.com.br\/index.php?rest_route=%2Fwp%2Fv2%2Ftags&post=196369"}],"curies":[{"name":"wp","href":"https:\/\/api.w.org\/{rel}","templated":true}]}}