{"id":196366,"date":"2022-03-18T18:37:27","date_gmt":"2022-03-18T21:37:27","guid":{"rendered":"https:\/\/diarioregionaldigital.com.br\/?p=196366"},"modified":"2022-03-18T18:37:27","modified_gmt":"2022-03-18T21:37:27","slug":"cidade-do-rio-doce-cria-vale-feira-para-apoiar-agricultores-familiares","status":"publish","type":"post","link":"https:\/\/diarioregionaldigital.com.br\/?p=196366","title":{"rendered":"Cidade do Rio Doce cria vale-feira para apoiar agricultores familiares"},"content":{"rendered":"<p>As feiras livres s\u00e3o um importante espa\u00e7o de comercializa\u00e7\u00e3o de produtos da agricultura familiar. Em Mantena, no Vale do Rio Doce, a feira da cidade ganhou, recentemente, um novo est\u00edmulo. No dia 5\/3, a prefeitura lan\u00e7ou o projeto Vale-Feira, por meio da Secretaria Municipal de Agricultura, que oferece aos funcion\u00e1rios p\u00fablicos municipais, com sal\u00e1rios inferiores a R$ 1,5 mil (valor bruto), t\u00edquetes-feira para uso exclusivo na compra de alimentos de feirantes cadastrados no projeto.<\/p>\n<p>O projeto foi inspirado na experi\u00eancia de outros munic\u00edpios, em que vers\u00f5es semelhantes do programa foram implantadas com sucesso, como em Divino, na Zona da Mata. A iniciativa conta com o apoio da\u00a0<a href=\"https:\/\/www.emater.mg.gov.br\/\">Empresa de Assist\u00eancia T\u00e9cnica e Extens\u00e3o Rural do Estado Minas Gerais (Emater-MG)<\/a>, que orienta os produtores sobre o programa. O extensionista local, S\u00e9rgio Grupioni, explica que foi criada uma cartela com dez t\u00edquetes no valor de R$ 2 cada. A cartela \u00e9 picotada, sendo poss\u00edvel fazer o destaque individual de cada valor e, assim, adquirir produtos de diferentes pre\u00e7os. \u201cTodo m\u00eas, a prefeitura oferece os t\u00edquetes para os funcion\u00e1rios que s\u00f3 podem gast\u00e1-lo na feira em barracas cadastradas. Os feirantes s\u00e3o cadastrados na Secretaria de Municipal de Agricultura e depois fazem a troca dos t\u00edquetes por dinheiro na prefeitura\u201d, explica S\u00e9rgio.<\/p>\n<p>Secret\u00e1rio de Agricultura de Mantena, Carlos Roberto Gomes conta que, atualmente, cerca de 240 funcion\u00e1rios da prefeitura s\u00e3o beneficiados com o projeto, mas a proposta \u00e9 ampliar o n\u00famero de servidores atendidos.<\/p>\n<p>\u201cQueremos que, no pr\u00f3ximo m\u00eas, todos os servidores municipais com renda at\u00e9 R$ 2 mil recebam os vales. O nosso objetivo \u00e9 estimular uma alimenta\u00e7\u00e3o mais saud\u00e1vel e diversificada dos funcion\u00e1rios, com um maior consumo de verduras e hortali\u00e7as e, ao mesmo tempo, apoiar os feirantes e produtores\u201d, afirma Gomes.<\/p>\n<p>A cartela do t\u00edquete tem data de validade e n\u00e3o acumula para o pr\u00f3ximo m\u00eas. Al\u00e9m disso, a cada m\u00eas, a cartela ter\u00e1 uma cor diferente para auxiliar os feirantes no controle dos t\u00edquetes. A coordenadora do projeto e funcion\u00e1ria da prefeitura de Mantena, Cristiane Georgia Oliveira, diz que 15 feirantes j\u00e1 aderiram ao programa e todos eles tamb\u00e9m s\u00e3o produtores, uma exig\u00eancia do projeto.<\/p>\n<p>\u201cO principal objetivo do vale-feira \u00e9 fortalecer a agricultura familiar do munic\u00edpio, pois o projeto ajuda a fomentar o movimento econ\u00f4mico na feira com um incremento da clientela. A inten\u00e7\u00e3o tamb\u00e9m \u00e9 que a iniciativa incentive a produ\u00e7\u00e3o local, garantindo mais seguran\u00e7a alimentar, pois o consumidor sabe onde e como os alimentos foram produzidos\u201d, afirma Cristiane.<\/p>\n<p>A feira livre de Mantena \u00e9 realizada \u00e0s quartas-feiras e aos s\u00e1bados na pra\u00e7a principal da cidade. A maior circula\u00e7\u00e3o de pessoas na feira \u00e9 no s\u00e1bado. Os produtos encontrados s\u00e3o hortali\u00e7as, frutas, doces, quitandas, queijos, entre outros alimentos feitos por produtores de Mantena e regi\u00e3o.<\/p>\n<p><span style=\"font-weight: 400;\">Fonte: Ag\u00eancia Minas <\/span><\/p>\n","protected":false},"excerpt":{"rendered":"<p>As feiras livres s\u00e3o um importante espa\u00e7o de comercializa\u00e7\u00e3o de produtos da agricultura familiar. Em Mantena, no Vale do Rio Doce, a feira da cidade ganhou, recentemente, um novo est\u00edmulo. No dia 5\/3, a prefeitura lan\u00e7ou o projeto Vale-Feira, por meio da Secretaria Municipal de Agricultura, que oferece aos funcion\u00e1rios p\u00fablicos municipais, com sal\u00e1rios inferiores [&hellip;]<\/p>\n","protected":false},"author":246,"featured_media":196367,"comment_status":"closed","ping_status":"closed","sticky":false,"template":"","format":"standard","meta":{"footnotes":""},"categories":[436,254,439],"tags":[],"class_list":["post-196366","post","type-post","status-publish","format-standard","has-post-thumbnail","hentry","category-destaque-da-semana","category-politica","category-ultima-hora"],"_links":{"self":[{"href":"https:\/\/diarioregionaldigital.com.br\/index.php?rest_route=\/wp\/v2\/posts\/196366","targetHints":{"allow":["GET"]}}],"collection":[{"href":"https:\/\/diarioregionaldigital.com.br\/index.php?rest_route=\/wp\/v2\/posts"}],"about":[{"href":"https:\/\/diarioregionaldigital.com.br\/index.php?rest_route=\/wp\/v2\/types\/post"}],"author":[{"embeddable":true,"href":"https:\/\/diarioregionaldigital.com.br\/index.php?rest_route=\/wp\/v2\/users\/246"}],"replies":[{"embeddable":true,"href":"https:\/\/diarioregionaldigital.com.br\/index.php?rest_route=%2Fwp%2Fv2%2Fcomments&post=196366"}],"version-history":[{"count":1,"href":"https:\/\/diarioregionaldigital.com.br\/index.php?rest_route=\/wp\/v2\/posts\/196366\/revisions"}],"predecessor-version":[{"id":196368,"href":"https:\/\/diarioregionaldigital.com.br\/index.php?rest_route=\/wp\/v2\/posts\/196366\/revisions\/196368"}],"wp:featuredmedia":[{"embeddable":true,"href":"https:\/\/diarioregionaldigital.com.br\/index.php?rest_route=\/wp\/v2\/media\/196367"}],"wp:attachment":[{"href":"https:\/\/diarioregionaldigital.com.br\/index.php?rest_route=%2Fwp%2Fv2%2Fmedia&parent=196366"}],"wp:term":[{"taxonomy":"category","embeddable":true,"href":"https:\/\/diarioregionaldigital.com.br\/index.php?rest_route=%2Fwp%2Fv2%2Fcategories&post=196366"},{"taxonomy":"post_tag","embeddable":true,"href":"https:\/\/diarioregionaldigital.com.br\/index.php?rest_route=%2Fwp%2Fv2%2Ftags&post=196366"}],"curies":[{"name":"wp","href":"https:\/\/api.w.org\/{rel}","templated":true}]}}