{"id":196362,"date":"2022-03-18T18:35:39","date_gmt":"2022-03-18T21:35:39","guid":{"rendered":"https:\/\/diarioregionaldigital.com.br\/?p=196362"},"modified":"2022-03-18T18:35:39","modified_gmt":"2022-03-18T21:35:39","slug":"minas-gerais-recebe-oficina-previne-brasil-e-debate-programa-de-metas","status":"publish","type":"post","link":"https:\/\/diarioregionaldigital.com.br\/?p=196362","title":{"rendered":"Minas Gerais recebe Oficina Previne Brasil e debate programa de metas"},"content":{"rendered":"<p>A\u00a0<a href=\"https:\/\/www.saude.mg.gov.br\/\" target=\"_blank\" rel=\"noopener\" data-auth=\"NotApplicable\" data-linkindex=\"0\">Secretaria de Estado de Sa\u00fade de Minas Gerais (SES-MG)<\/a>\u00a0recebeu, nesta sexta-feira (18\/3), na Cidade Administrativa, a Oficina Previne Brasil Minas Gerais, realizada pelo Minist\u00e9rio da Sa\u00fade (MS) em parceria com o Conselho Nacional de Secretarias Municipais de Sa\u00fade (Conasems) e o Conselho Nacional de Secret\u00e1rios de Sa\u00fade (Conass).<\/p>\n<p>A Oficina Previne Brasil-MG tem o objetivo de promover um espa\u00e7o de debate nas tr\u00eas esferas de governo \u2013 Uni\u00e3o, estados e munic\u00edpios \u2013 que fazem a gest\u00e3o da Aten\u00e7\u00e3o Prim\u00e1ria \u00e0 Sa\u00fade (APS) no Sistema \u00danico de Sa\u00fade (SUS). A a\u00e7\u00e3o tamb\u00e9m busca esclarecer os crit\u00e9rios de financiamento da APS e qualificar os gestores municipais para aplicar as novas diretrizes. O Previne Brasil \u00e9 o modelo de financiamento da APS lan\u00e7ado em 2019 pelo minist\u00e9rio, e come\u00e7ou a ser implantado em 2020.<\/p>\n<p>\u201cTodo financiamento do SUS \u00e9 tripartite, ou seja, recebe investimentos do governo federal, estadual e municipal. O programa traz um acr\u00e9scimo de investimento e prev\u00ea metas e indicadores importantes que v\u00e3o aumentar a qualidade dos servi\u00e7os prestados\u201d, afirmou o secret\u00e1rio de Sa\u00fade, o m\u00e9dico F\u00e1bio Baccheretti, que destacou o investimento do Estado no programa. \u201cEm rela\u00e7\u00e3o aos recursos estaduais, Minas Gerais vai investir este ano R$ 385 milh\u00f5es para fortalecer a aten\u00e7\u00e3o prim\u00e1ria nos 853 munic\u00edpios mineiros\u201d, completou.<\/p>\n<p>Em sua apresenta\u00e7\u00e3o, o ministro da Sa\u00fade, Marcelo Queiroga, destacou o compromisso do programa com o fortalecimento da aten\u00e7\u00e3o b\u00e1sica \u00e0 sa\u00fade. \u201cO Previne repassa recursos aos munic\u00edpios de acordo com as entregas. Por isso, possui indicadores para serem cumpridos, como o cadastro de pessoas atendidas pelas unidades de sa\u00fade\u201d, disse Queiroga.<\/p>\n<p>\u201cA nova forma de financiar a aten\u00e7\u00e3o prim\u00e1ria \u00e0 sa\u00fade busca valorizar a qualidade e a entrega dos servi\u00e7os prestados \u00e0 popula\u00e7\u00e3o. N\u00e3o temos d\u00favidas que o Previne alcan\u00e7ou avan\u00e7os significativos\u201d, avaliou o presidente do Conselho de Secretarias Municipais de Sa\u00fade de Minas Gerais (Cosems\/MG), Eduardo Silva.<\/p>\n<p>A oficina aconteceu no Audit\u00f3rio JK da Cidade Administrativa e foi transmitida pelo site da SES-MG. Entre os temas apresentados em pain\u00e9is e debates ao longo do dia est\u00e3o: modelos de financiamentos, mudan\u00e7as e avan\u00e7os; o componente do cadastro e o cuidado na APS; indicadores de desempenho e registro de informa\u00e7\u00f5es. A \u00edntegra do evento pode ser acessada\u00a0<a href=\"https:\/\/www.saude.mg.gov.br\/previnebrasilmg\" target=\"_blank\" rel=\"noopener\" data-auth=\"NotApplicable\" data-linkindex=\"1\">nesta p\u00e1gina<\/a>.<\/p>\n<p><strong>e-SUS Vacina\u00e7\u00e3o<\/strong><\/p>\n<p>Durante o evento, o Minist\u00e9rio da Sa\u00fade apresentou o aplicativo e-SUS Vacina\u00e7\u00e3o. A nova ferramenta, voltada para os profissionais de sa\u00fade da APS, poder\u00e1 ser usada nos estabelecimentos que utilizam o sistema e-SUS APS com Prontu\u00e1rio Eletr\u00f4nico do Cidad\u00e3o (PEC).<\/p>\n<p>Fonte: Ag\u00eancia Minas<\/p>\n","protected":false},"excerpt":{"rendered":"<p>A\u00a0Secretaria de Estado de Sa\u00fade de Minas Gerais (SES-MG)\u00a0recebeu, nesta sexta-feira (18\/3), na Cidade Administrativa, a Oficina Previne Brasil Minas Gerais, realizada pelo Minist\u00e9rio da Sa\u00fade (MS) em parceria com o Conselho Nacional de Secretarias Municipais de Sa\u00fade (Conasems) e o Conselho Nacional de Secret\u00e1rios de Sa\u00fade (Conass). A Oficina Previne Brasil-MG tem o objetivo [&hellip;]<\/p>\n","protected":false},"author":246,"featured_media":196363,"comment_status":"closed","ping_status":"closed","sticky":false,"template":"","format":"standard","meta":{"footnotes":""},"categories":[436,254,439],"tags":[],"class_list":["post-196362","post","type-post","status-publish","format-standard","has-post-thumbnail","hentry","category-destaque-da-semana","category-politica","category-ultima-hora"],"_links":{"self":[{"href":"https:\/\/diarioregionaldigital.com.br\/index.php?rest_route=\/wp\/v2\/posts\/196362","targetHints":{"allow":["GET"]}}],"collection":[{"href":"https:\/\/diarioregionaldigital.com.br\/index.php?rest_route=\/wp\/v2\/posts"}],"about":[{"href":"https:\/\/diarioregionaldigital.com.br\/index.php?rest_route=\/wp\/v2\/types\/post"}],"author":[{"embeddable":true,"href":"https:\/\/diarioregionaldigital.com.br\/index.php?rest_route=\/wp\/v2\/users\/246"}],"replies":[{"embeddable":true,"href":"https:\/\/diarioregionaldigital.com.br\/index.php?rest_route=%2Fwp%2Fv2%2Fcomments&post=196362"}],"version-history":[{"count":2,"href":"https:\/\/diarioregionaldigital.com.br\/index.php?rest_route=\/wp\/v2\/posts\/196362\/revisions"}],"predecessor-version":[{"id":196365,"href":"https:\/\/diarioregionaldigital.com.br\/index.php?rest_route=\/wp\/v2\/posts\/196362\/revisions\/196365"}],"wp:featuredmedia":[{"embeddable":true,"href":"https:\/\/diarioregionaldigital.com.br\/index.php?rest_route=\/wp\/v2\/media\/196363"}],"wp:attachment":[{"href":"https:\/\/diarioregionaldigital.com.br\/index.php?rest_route=%2Fwp%2Fv2%2Fmedia&parent=196362"}],"wp:term":[{"taxonomy":"category","embeddable":true,"href":"https:\/\/diarioregionaldigital.com.br\/index.php?rest_route=%2Fwp%2Fv2%2Fcategories&post=196362"},{"taxonomy":"post_tag","embeddable":true,"href":"https:\/\/diarioregionaldigital.com.br\/index.php?rest_route=%2Fwp%2Fv2%2Ftags&post=196362"}],"curies":[{"name":"wp","href":"https:\/\/api.w.org\/{rel}","templated":true}]}}