{"id":196358,"date":"2022-03-18T18:34:11","date_gmt":"2022-03-18T21:34:11","guid":{"rendered":"https:\/\/diarioregionaldigital.com.br\/?p=196358"},"modified":"2022-03-18T18:34:11","modified_gmt":"2022-03-18T21:34:11","slug":"empresas-que-ja-operam-em-minas-representam-um-quarto-da-expansao-recorde-de-investimentos-no-estado-somando-r-50-bi-e-50-mil-empregos","status":"publish","type":"post","link":"https:\/\/diarioregionaldigital.com.br\/?p=196358","title":{"rendered":"Empresas que j\u00e1 operam em Minas representam um quarto da expans\u00e3o recorde de investimentos no estado, somando R$ 50 bi e 50 mil empregos"},"content":{"rendered":"<p>As empresas mineiras representam um quarto da expans\u00e3o recorde de investimentos atra\u00eddos pelo\u00a0<a href=\"https:\/\/www.mg.gov.br\/\" target=\"_blank\" rel=\"noopener\">Governo de Minas<\/a>\u00a0desde 2019. Dos R$ 211 bilh\u00f5es prospectados pelo Estado em pouco mais de 38 meses de gest\u00e3o, quase R$ 50 bilh\u00f5es s\u00e3o relativos \u00e0 expans\u00e3o ou novos projetos desenvolvidos por empresas que j\u00e1 tinham opera\u00e7\u00f5es em Minas Gerais.<\/p>\n<p>As iniciativas devem gerar cerca de 50 mil empregos diretos e indiretos, al\u00e9m dos que est\u00e3o incorporados \u00e0s fases de instala\u00e7\u00e3o das empresas, auxiliando tamb\u00e9m na arrecada\u00e7\u00e3o tribut\u00e1ria do munic\u00edpio e na qualidade de vida da popula\u00e7\u00e3o das cidades envolvidas. Essas empresas que anunciaram desde janeiro de 2019 novas parcerias por meio da Invest Minas, ag\u00eancia de investimentos do Estado vinculada \u00e0\u00a0<a href=\"http:\/\/www.desenvolvimento.mg.gov.br\/\" target=\"_blank\" rel=\"noopener\">Secretaria de Estado de Desenvolvimento Econ\u00f4mico (Sede)<\/a>, est\u00e3o em 74 cidades mineiras.<\/p>\n<p>\u201cO resultado comprova a efici\u00eancia da pol\u00edtica desenvolvida pela atual gest\u00e3o em Minas, de ser amiga de quem empreende, contribuindo n\u00e3o s\u00f3 para a atra\u00e7\u00e3o de empresas de fora do estado, mas incentivando tamb\u00e9m as que j\u00e1 operam aqui e querem expandir e gerar mais empregos para os mineiros\u201d, afirmou o governador Romeu Zema, citando o trabalho da gest\u00e3o para desburocratizar e facilitar as condi\u00e7\u00f5es para instala\u00e7\u00e3o de todo tipo de empreendimento, desde MEIs, micro e pequenos a m\u00e9dio e grandes empres\u00e1rios de diferentes setores.<\/p>\n<p><strong>Marca hist\u00f3rica<\/strong><\/p>\n<p>Mais uma vez, Minas Gerais bateu a marca hist\u00f3rica e registrou entre janeiro de 2019 e mar\u00e7o deste ano R$ 211 bilh\u00f5es em investimentos para o Estado. Minas contabilizou, em tr\u00eas anos, um montante que supera em 40% o total previsto em atra\u00e7\u00e3o de investimentos estimados para todo o per\u00edodo de quatro anos de gest\u00e3o, que era de R$ 150 bilh\u00f5es.<\/p>\n<p>Na avalia\u00e7\u00e3o do secret\u00e1rio de Desenvolvimento Econ\u00f4mico, Fernando Passalio, Minas \u00e9 o estado em que existe a consolida\u00e7\u00e3o de um ambiente de neg\u00f3cios com seguran\u00e7a jur\u00eddica e desburocratizado, favor\u00e1vel para que empresas aqui instaladas se sintam seguras n\u00e3o apenas em manter as atividades, mas tamb\u00e9m ampli\u00e1-las.<\/p>\n<p>\u201cPara al\u00e9m do estabelecimento de um ambiente de neg\u00f3cios amig\u00e1vel, o Governo de Minas se preocupou tamb\u00e9m em socorrer as empresas mineiras nos per\u00edodos de crise, seja durante a pandemia de covid, seja nos desastres causados pelas severas chuvas. Exemplo vem do BDMG, apoiando a manuten\u00e7\u00e3o da sa\u00fade financeira de pequenos, m\u00e9dios e grandes neg\u00f3cios que precisaram de f\u00f4lego nos momentos de dificuldade&#8221;, ressaltou o secret\u00e1rio.<\/p>\n<p><strong>Desburocratiza\u00e7\u00e3o<\/strong><\/p>\n<p>Minas Gerais lidera o ranking nacional de neg\u00f3cios dispensados de alvar\u00e1s, com 701 atividades de baixo risco contempladas. Outros 561 normativos foram revogados pelo Estado. As a\u00e7\u00f5es est\u00e3o previstas no programa Minas Livre para Crescer (MLPC), que busca uma legisla\u00e7\u00e3o mais amig\u00e1vel para empreendedores de todos os portes.<\/p>\n<p>O programa tamb\u00e9m coloca Minas como o estado mais r\u00e1pido para se abrir uma empresa no Brasil, de acordo com o ranking Doing Business Subnacional Brasil 2021 do World Bank. Al\u00e9m disso, o resultado de 2021 da gera\u00e7\u00e3o de emprego via Cadastro Geral de Empregados e Desempregados (Caged) registrou a participa\u00e7\u00e3o de 59 munic\u00edpios que fazem parte do MLPC entre os 100 munic\u00edpios mineiros que mais geraram emprego em 2021.<\/p>\n<p>Outro dado relevante: do acumulado total da gera\u00e7\u00e3o de emprego em Minas em 2021, os munic\u00edpios que aderiram ao Minas Livre Para Crescer respondem por 40,4% dos postos.<\/p>\n<p><strong>Atua\u00e7\u00e3o da Invest Minas<\/strong><\/p>\n<p>Al\u00e9m de atrair novos investimentos e ajudar neg\u00f3cios mineiros a crescerem, o Governo de Minas tamb\u00e9m possibilita a continuidade de players importantes no estado. \u00c9 o caso da media\u00e7\u00e3o feita pela Invest Minas e Companhia de Desenvolvimento de Minas (Codemge) da opera\u00e7\u00e3o de venda da Hindalco, em Ouro Preto, na regi\u00e3o Central de Minas, uma vez que o grupo indiano Aditya Birla, que controla a empresa, decidiu encerrar as atividades.<\/p>\n<p>T\u00e9cnicos dos dois \u00f3rg\u00e3os do Estado buscaram no mercado um comprador para a Hindalco e identificaram que a empresa Terrabel, com sede em Contagem, poderia fazer a aquisi\u00e7\u00e3o. Os servidores tamb\u00e9m se empenharam em resolver algumas quest\u00f5es que dependiam da administra\u00e7\u00e3o estadual com o objetivo de garantir a viabilidade do empreendimento no longo prazo.<\/p>\n<p>A atua\u00e7\u00e3o do Estado evitou o fechamento das plantas e impactos econ\u00f4micos e sociais. As duas empresas anunciaram, em mar\u00e7o deste ano, a opera\u00e7\u00e3o de venda, mantendo a renda para cerca de 600 fam\u00edlias e evitando um forte impacto na economia de Ouro Preto.<\/p>\n<p>Destaque ainda para a compra da Hindalco ter sido\u00a0realizada por uma empresa mineira, garantindo o crescimento e a internacionaliza\u00e7\u00e3o de uma marca com la\u00e7os fortes no estado. A mineradora de bauxita e a f\u00e1brica de alumina da Hindalco, respons\u00e1veis pela exporta\u00e7\u00e3o de mais de 50% da produ\u00e7\u00e3o da empresa, s\u00e3o as maiores empregadoras da cidade, propiciando a cria\u00e7\u00e3o de 400 empregos diretos e outros 200 indiretos.<\/p>\n<p>Fonte: Ag\u00eancia Minas<\/p>\n","protected":false},"excerpt":{"rendered":"<p>As empresas mineiras representam um quarto da expans\u00e3o recorde de investimentos atra\u00eddos pelo\u00a0Governo de Minas\u00a0desde 2019. Dos R$ 211 bilh\u00f5es prospectados pelo Estado em pouco mais de 38 meses de gest\u00e3o, quase R$ 50 bilh\u00f5es s\u00e3o relativos \u00e0 expans\u00e3o ou novos projetos desenvolvidos por empresas que j\u00e1 tinham opera\u00e7\u00f5es em Minas Gerais. As iniciativas devem [&hellip;]<\/p>\n","protected":false},"author":246,"featured_media":196359,"comment_status":"closed","ping_status":"closed","sticky":false,"template":"","format":"standard","meta":{"footnotes":""},"categories":[436,254,439],"tags":[],"class_list":["post-196358","post","type-post","status-publish","format-standard","has-post-thumbnail","hentry","category-destaque-da-semana","category-politica","category-ultima-hora"],"_links":{"self":[{"href":"https:\/\/diarioregionaldigital.com.br\/index.php?rest_route=\/wp\/v2\/posts\/196358","targetHints":{"allow":["GET"]}}],"collection":[{"href":"https:\/\/diarioregionaldigital.com.br\/index.php?rest_route=\/wp\/v2\/posts"}],"about":[{"href":"https:\/\/diarioregionaldigital.com.br\/index.php?rest_route=\/wp\/v2\/types\/post"}],"author":[{"embeddable":true,"href":"https:\/\/diarioregionaldigital.com.br\/index.php?rest_route=\/wp\/v2\/users\/246"}],"replies":[{"embeddable":true,"href":"https:\/\/diarioregionaldigital.com.br\/index.php?rest_route=%2Fwp%2Fv2%2Fcomments&post=196358"}],"version-history":[{"count":2,"href":"https:\/\/diarioregionaldigital.com.br\/index.php?rest_route=\/wp\/v2\/posts\/196358\/revisions"}],"predecessor-version":[{"id":196361,"href":"https:\/\/diarioregionaldigital.com.br\/index.php?rest_route=\/wp\/v2\/posts\/196358\/revisions\/196361"}],"wp:featuredmedia":[{"embeddable":true,"href":"https:\/\/diarioregionaldigital.com.br\/index.php?rest_route=\/wp\/v2\/media\/196359"}],"wp:attachment":[{"href":"https:\/\/diarioregionaldigital.com.br\/index.php?rest_route=%2Fwp%2Fv2%2Fmedia&parent=196358"}],"wp:term":[{"taxonomy":"category","embeddable":true,"href":"https:\/\/diarioregionaldigital.com.br\/index.php?rest_route=%2Fwp%2Fv2%2Fcategories&post=196358"},{"taxonomy":"post_tag","embeddable":true,"href":"https:\/\/diarioregionaldigital.com.br\/index.php?rest_route=%2Fwp%2Fv2%2Ftags&post=196358"}],"curies":[{"name":"wp","href":"https:\/\/api.w.org\/{rel}","templated":true}]}}