{"id":196355,"date":"2022-03-18T18:31:52","date_gmt":"2022-03-18T21:31:52","guid":{"rendered":"https:\/\/diarioregionaldigital.com.br\/?p=196355"},"modified":"2022-03-18T18:31:52","modified_gmt":"2022-03-18T21:31:52","slug":"governo-de-minas-amplia-oportunidades-de-crescimento-de-exportacoes-de-carne-bovina-para-mercado-israelense","status":"publish","type":"post","link":"https:\/\/diarioregionaldigital.com.br\/?p=196355","title":{"rendered":"Governo de Minas amplia oportunidades de crescimento de exporta\u00e7\u00f5es de carne bovina para mercado israelense"},"content":{"rendered":"<p>O\u00a0<a href=\"https:\/\/www.mg.gov.br\/\" target=\"_blank\" rel=\"noopener\">Governo de Minas<\/a>, por meio da Diretoria de Promo\u00e7\u00e3o de Exporta\u00e7\u00f5es (Dipex) da\u00a0<a href=\"http:\/\/www.desenvolvimento.mg.gov.br\/\" target=\"_blank\" rel=\"noopener\" data-auth=\"NotApplicable\" data-linkindex=\"0\">Secretaria de Estado de Desenvolvimento Econ\u00f4mico (Sede-MG)<\/a>, ampliou as possibilidades de crescimento de exporta\u00e7\u00f5es de carne bovina mineira para o mercado israelense, durante um semin\u00e1rio on-line\u00a0 nesta semana. O evento, realizado em conjunto com a C\u00e2mara de Com\u00e9rcio e Ind\u00fastria Brasil-Israel em Minas Gerais, foi intitulado \u201cOportunidades de Exporta\u00e7\u00e3o para o Mercado Israelense: Setor de Carne Bovina\u201d e teve como p\u00fablico-alvo empresas mineiras e israelenses interessadas na compra e venda de carne bovina.<\/p>\n<p>O semin\u00e1rio contou com o apoio da\u00a0<a href=\"http:\/\/www.agricultura.mg.gov.br\/\" target=\"_blank\" rel=\"noopener\" data-auth=\"NotApplicable\" data-linkindex=\"1\">Secretaria de Estado de Agricultura, Pecu\u00e1ria e Abastecimento (Seapa-MG)<\/a>, da Embaixada do Brasil em Tel Aviv, do escrit\u00f3rio da Apex em Jerusal\u00e9m, e do Minist\u00e9rio da Agricultura, Pecu\u00e1ria e Abastecimento (Mapa), al\u00e9m de outras parcerias que est\u00e3o contribuindo para a retomada das exporta\u00e7\u00f5es. A iniciativa, de acordo com o diretor de Promo\u00e7\u00e3o de Exporta\u00e7\u00f5es, Marcello Faria, surgiu a partir da assinatura do acordo de coopera\u00e7\u00e3o t\u00e9cnica entre Sede-MG e C\u00e2mara Minas Gerais Israel de Com\u00e9rcio e Ind\u00fastria que ocorreu, em dezembro de 2021, e celebrou o comprometimento do Governo de Minas na promo\u00e7\u00e3o de neg\u00f3cios entre o Estado e o pa\u00eds asi\u00e1tico.<\/p>\n<p>\u201cNo semin\u00e1rio, foram apresentados estudos e diagn\u00f3sticos que podem ser trabalhados no \u00e2mbito das exporta\u00e7\u00f5es. A ideia \u00e9 retomar a venda de carne bovina para o mercado internacional e incrementar a\u00e7\u00f5es com o objetivo de vislumbrar oportunidades de exporta\u00e7\u00e3o dos produtos mineiros para o mercado israelense, aproveitando a expertise que a C\u00e2mara Minas Gerais Israel de Com\u00e9rcio e Ind\u00fastria tem no trato com esse mercado que tem suas peculiaridades\u201d, pontuou Faria se referindo \u00e0 certifica\u00e7\u00e3o kosher, que obedece \u00e0s normas espec\u00edficas que regem a dieta judaica ortodoxa.<\/p>\n<p>O semin\u00e1rio tamb\u00e9m simbolizou o pontap\u00e9 inicial para Minas Gerais, que hoje ocupa a quinta coloca\u00e7\u00e3o em exporta\u00e7\u00e3o de carne bovina no Brasil, reassumir o relevante papel que o Estado j\u00e1 teve na exporta\u00e7\u00e3o de carne bovina, uma vez que a inten\u00e7\u00e3o do Governo de Minas agora \u00e9 promover um elo entre Israel e as empresas mineiras, possibilitando que elas possam se certificar com o selo Kosher e aumentar o escopo de fornecimento de carne bovina para\u00a0 atender ao pa\u00eds do Oriente M\u00e9dio.<\/p>\n<p>\u201cA nossa miss\u00e3o \u00e9 facilitar a realiza\u00e7\u00e3o de neg\u00f3cios no estado, conectando potenciais mercados compradores para diversificar a quantidade de pa\u00edses, abrindo a participa\u00e7\u00e3o de Israel para que o segmento fique menos vulner\u00e1vel economicamente \u00e0s oscila\u00e7\u00f5es de mercado, pulverizando vendas e aumentando a sustentabilidade do cen\u00e1rio internacional\u201d, destaca Marcello Faria, reconhecendo que a decis\u00e3o final cabe \u00e0s empresas.<\/p>\n<p>A secret\u00e1ria de Agricultura, Pecu\u00e1ria e Abastecimento, Ana Valentini, destacou a import\u00e2ncia do semin\u00e1rio para discutir oportunidades de neg\u00f3cios internacionais em um momento em que o mundo enfrenta grande tens\u00e3o. \u201cMinas Gerais exportou para Israel, em 2021, pouco mais de mil toneladas, que alcan\u00e7aram US$ 6 milh\u00f5es. Na compara\u00e7\u00e3o com ano anterior, o crescimento foi de 400% na receita e 380% no volume. Houve forte expans\u00e3o da demanda e o agroneg\u00f3cio mineiro, em especial o setor da pecu\u00e1ria bovina, estava pronto para atender a esse mercado. E o trabalho continua\u201d, afirmou.<\/p>\n<p>O evento contou ainda com um mapeamento e um formul\u00e1rio que dever\u00e1 ser preenchido pelas empresas interessadas na consultoria prestada pela Sede-MG. Em um dos pain\u00e9is do semin\u00e1rio, por exemplo, houve a orienta\u00e7\u00e3o sobre os passos iniciais para empresas que ainda n\u00e3o exportam, como a certifica\u00e7\u00e3o de Servi\u00e7o de Inspe\u00e7\u00e3o Federal (SIF) pelo Mapa, respons\u00e1vel por assegurar a qualidade de produtos de origem animal comest\u00edveis e n\u00e3o comest\u00edveis destinados ao mercado interno e externo.<\/p>\n<p>O departamento de Kashrut (BDK) do selo Kosher tamb\u00e9m participou do semin\u00e1rio. Na avalia\u00e7\u00e3o de Marcello Faria, caso a empresa j\u00e1 tenha certifica\u00e7\u00e3o SIF e kosher, necessitando de encontrar importadores israelenses, a Dipex aciona a embaixada e o escrit\u00f3rio da Apex-Brasil em Israel para resolver essa demanda, o que significa que a Sede-MG atende a diferentes est\u00e1gios de pleitos, fornecendo ferramentas para alavancar os neg\u00f3cios.<\/p>\n<p>Fonte: Ag\u00eancia Minas<\/p>\n","protected":false},"excerpt":{"rendered":"<p>O\u00a0Governo de Minas, por meio da Diretoria de Promo\u00e7\u00e3o de Exporta\u00e7\u00f5es (Dipex) da\u00a0Secretaria de Estado de Desenvolvimento Econ\u00f4mico (Sede-MG), ampliou as possibilidades de crescimento de exporta\u00e7\u00f5es de carne bovina mineira para o mercado israelense, durante um semin\u00e1rio on-line\u00a0 nesta semana. O evento, realizado em conjunto com a C\u00e2mara de Com\u00e9rcio e Ind\u00fastria Brasil-Israel em Minas [&hellip;]<\/p>\n","protected":false},"author":246,"featured_media":196356,"comment_status":"closed","ping_status":"closed","sticky":false,"template":"","format":"standard","meta":{"footnotes":""},"categories":[436,440,254,439],"tags":[],"class_list":["post-196355","post","type-post","status-publish","format-standard","has-post-thumbnail","hentry","category-destaque-da-semana","category-destaques-do-dia","category-politica","category-ultima-hora"],"_links":{"self":[{"href":"https:\/\/diarioregionaldigital.com.br\/index.php?rest_route=\/wp\/v2\/posts\/196355","targetHints":{"allow":["GET"]}}],"collection":[{"href":"https:\/\/diarioregionaldigital.com.br\/index.php?rest_route=\/wp\/v2\/posts"}],"about":[{"href":"https:\/\/diarioregionaldigital.com.br\/index.php?rest_route=\/wp\/v2\/types\/post"}],"author":[{"embeddable":true,"href":"https:\/\/diarioregionaldigital.com.br\/index.php?rest_route=\/wp\/v2\/users\/246"}],"replies":[{"embeddable":true,"href":"https:\/\/diarioregionaldigital.com.br\/index.php?rest_route=%2Fwp%2Fv2%2Fcomments&post=196355"}],"version-history":[{"count":1,"href":"https:\/\/diarioregionaldigital.com.br\/index.php?rest_route=\/wp\/v2\/posts\/196355\/revisions"}],"predecessor-version":[{"id":196357,"href":"https:\/\/diarioregionaldigital.com.br\/index.php?rest_route=\/wp\/v2\/posts\/196355\/revisions\/196357"}],"wp:featuredmedia":[{"embeddable":true,"href":"https:\/\/diarioregionaldigital.com.br\/index.php?rest_route=\/wp\/v2\/media\/196356"}],"wp:attachment":[{"href":"https:\/\/diarioregionaldigital.com.br\/index.php?rest_route=%2Fwp%2Fv2%2Fmedia&parent=196355"}],"wp:term":[{"taxonomy":"category","embeddable":true,"href":"https:\/\/diarioregionaldigital.com.br\/index.php?rest_route=%2Fwp%2Fv2%2Fcategories&post=196355"},{"taxonomy":"post_tag","embeddable":true,"href":"https:\/\/diarioregionaldigital.com.br\/index.php?rest_route=%2Fwp%2Fv2%2Ftags&post=196355"}],"curies":[{"name":"wp","href":"https:\/\/api.w.org\/{rel}","templated":true}]}}