{"id":196348,"date":"2022-03-18T18:25:44","date_gmt":"2022-03-18T21:25:44","guid":{"rendered":"https:\/\/diarioregionaldigital.com.br\/?p=196348"},"modified":"2022-03-18T18:25:44","modified_gmt":"2022-03-18T21:25:44","slug":"taxa-de-desemprego-recua-para-112-em-janeiro-diz-ibge","status":"publish","type":"post","link":"https:\/\/diarioregionaldigital.com.br\/?p=196348","title":{"rendered":"Taxa de desemprego recua para 11,2% em janeiro, diz IBGE"},"content":{"rendered":"<p>A taxa de desemprego no pa\u00eds ficou em 11,2% no trimestre encerrado em janeiro deste ano. Segundo o Instituto Brasileiro de Geografia e Estat\u00edstica (IBGE), o resultado \u00e9 o menor para o per\u00edodo, desde 2016 (9,6%).<img decoding=\"async\" src=\"https:\/\/agenciabrasil.ebc.com.br\/ebc.png?id=1449112&amp;o=node\" \/><img decoding=\"async\" src=\"https:\/\/agenciabrasil.ebc.com.br\/ebc.gif?id=1449112&amp;o=node\" \/><\/p>\n<p>Os dados da Pesquisa Nacional por Amostra de Domic\u00edlios Cont\u00ednua (PNAD Cont\u00ednua) foram divulgados hoje (18).<\/p>\n<p>No trimestre encerrado em janeiro de 2021, a taxa era de 14,5%. Ainda de acordo com o IBGE, a taxa observada no trimestre encerrado em janeiro deste ano ficou abaixo da observada no trimestre finalizado em outubro de 2021 (12,1%).<\/p>\n<p>A popula\u00e7\u00e3o desocupada ficou em 12 milh\u00f5es de pessoas, 6,6% abaixo do trimestre anterior (menos 858 mil pessoas) e 18,3% abaixo do trimestre encerrado em janeiro de 2021 (menos 2,7 milh\u00f5es de pessoas).<\/p>\n<p>A popula\u00e7\u00e3o ocupada no pa\u00eds chegou a 95,4 milh\u00f5es, altas de 1,6% em rela\u00e7\u00e3o a outubro (mais 1,5 milh\u00e3o de pessoas) e de 9,4% ante janeiro de 2021 (mais 8,2 milh\u00f5es).<\/p>\n<p>O n\u00edvel da ocupa\u00e7\u00e3o, que \u00e9 o percentual de pessoas ocupadas na popula\u00e7\u00e3o com idade para trabalhar, ficou estimado em 55,3%. O resultado \u00e9 0,7 ponto percentual acima do registrado no trimestre anterior (54,6%) e 4,3 pontos percentuais acima que no mesmo per\u00edodo de 2021 (51,1%).<\/p>\n<p>Fonte: Ag\u00eancia Brasil<\/p>\n","protected":false},"excerpt":{"rendered":"<p>A taxa de desemprego no pa\u00eds ficou em 11,2% no trimestre encerrado em janeiro deste ano. Segundo o Instituto Brasileiro de Geografia e Estat\u00edstica (IBGE), o resultado \u00e9 o menor para o per\u00edodo, desde 2016 (9,6%). Os dados da Pesquisa Nacional por Amostra de Domic\u00edlios Cont\u00ednua (PNAD Cont\u00ednua) foram divulgados hoje (18). No trimestre encerrado [&hellip;]<\/p>\n","protected":false},"author":246,"featured_media":196349,"comment_status":"closed","ping_status":"closed","sticky":false,"template":"","format":"standard","meta":{"footnotes":""},"categories":[436,261,439],"tags":[],"class_list":["post-196348","post","type-post","status-publish","format-standard","has-post-thumbnail","hentry","category-destaque-da-semana","category-economia","category-ultima-hora"],"_links":{"self":[{"href":"https:\/\/diarioregionaldigital.com.br\/index.php?rest_route=\/wp\/v2\/posts\/196348","targetHints":{"allow":["GET"]}}],"collection":[{"href":"https:\/\/diarioregionaldigital.com.br\/index.php?rest_route=\/wp\/v2\/posts"}],"about":[{"href":"https:\/\/diarioregionaldigital.com.br\/index.php?rest_route=\/wp\/v2\/types\/post"}],"author":[{"embeddable":true,"href":"https:\/\/diarioregionaldigital.com.br\/index.php?rest_route=\/wp\/v2\/users\/246"}],"replies":[{"embeddable":true,"href":"https:\/\/diarioregionaldigital.com.br\/index.php?rest_route=%2Fwp%2Fv2%2Fcomments&post=196348"}],"version-history":[{"count":2,"href":"https:\/\/diarioregionaldigital.com.br\/index.php?rest_route=\/wp\/v2\/posts\/196348\/revisions"}],"predecessor-version":[{"id":196351,"href":"https:\/\/diarioregionaldigital.com.br\/index.php?rest_route=\/wp\/v2\/posts\/196348\/revisions\/196351"}],"wp:featuredmedia":[{"embeddable":true,"href":"https:\/\/diarioregionaldigital.com.br\/index.php?rest_route=\/wp\/v2\/media\/196349"}],"wp:attachment":[{"href":"https:\/\/diarioregionaldigital.com.br\/index.php?rest_route=%2Fwp%2Fv2%2Fmedia&parent=196348"}],"wp:term":[{"taxonomy":"category","embeddable":true,"href":"https:\/\/diarioregionaldigital.com.br\/index.php?rest_route=%2Fwp%2Fv2%2Fcategories&post=196348"},{"taxonomy":"post_tag","embeddable":true,"href":"https:\/\/diarioregionaldigital.com.br\/index.php?rest_route=%2Fwp%2Fv2%2Ftags&post=196348"}],"curies":[{"name":"wp","href":"https:\/\/api.w.org\/{rel}","templated":true}]}}