{"id":196345,"date":"2022-03-18T18:24:05","date_gmt":"2022-03-18T21:24:05","guid":{"rendered":"https:\/\/diarioregionaldigital.com.br\/?p=196345"},"modified":"2022-03-18T18:24:05","modified_gmt":"2022-03-18T21:24:05","slug":"rendimento-do-trabalhador-cai-97-em-um-ano-diz-ibge","status":"publish","type":"post","link":"https:\/\/diarioregionaldigital.com.br\/?p=196345","title":{"rendered":"Rendimento do trabalhador cai 9,7% em um ano, diz IBGE"},"content":{"rendered":"<p>O rendimento real habitual do trabalhador brasileiro ficou em R$ 2.489 no trimestre findo em janeiro deste ano. Isso representa quedas de 1,1% em rela\u00e7\u00e3o ao trimestre encerrado em outubro e de 9,7% frente ao trimestre finalizado em janeiro de 2021.<img decoding=\"async\" src=\"https:\/\/agenciabrasil.ebc.com.br\/ebc.png?id=1449133&amp;o=node\" \/><img decoding=\"async\" src=\"https:\/\/agenciabrasil.ebc.com.br\/ebc.gif?id=1449133&amp;o=node\" \/><\/p>\n<p>Os dados, da Pesquisa Nacional por Amostra de Domic\u00edlios Cont\u00ednua (PNAD Cont\u00ednua), foram divulgados hoje (18) pelo Instituto Brasileiro de Geografia e Estat\u00edstica (IBGE).<\/p>\n<p>J\u00e1 a massa de rendimento real habitual (R$ 232,6 bilh\u00f5es) ficou est\u00e1vel em ambas as compara\u00e7\u00f5es.<\/p>\n<p>A pesquisa divulgada hoje tamb\u00e9m mostra que a taxa de desemprego ficou em 11,2% em janeiro deste ano, abaixo das taxas de outubro (12,1%) e de janeiro de 2021 (14,5%).<\/p>\n<h2>Subutiliza\u00e7\u00e3o<\/h2>\n<p>A popula\u00e7\u00e3o subutilizada, ou seja, os que est\u00e3o desempregados, aqueles que trabalham menos do que poderiam e as pessoas que poderiam trabalhar mas n\u00e3o procuram emprego, chegou a 27,8 milh\u00f5es de pessoas, quedas de 7,2% (menos 2,2 milh\u00f5es) frente ao trimestre anterior e de 15,5% (menos 5,1 milh\u00f5es) na compara\u00e7\u00e3o anual.<\/p>\n<p>A taxa composta de subutiliza\u00e7\u00e3o (23,9%) caiu 1,9 ponto percentual em rela\u00e7\u00e3o ao trimestre de agosto a outubro (25,7%) e 5,1 pontos percentuais na compara\u00e7\u00e3o com o trimestre encerrado em janeiro de 2021 (29%).<\/p>\n<p>A popula\u00e7\u00e3o fora da for\u00e7a de trabalho (64,9 milh\u00f5es de pessoas) permaneceu est\u00e1vel quando comparada com o trimestre anterior e caiu (menos 3,9 milh\u00f5es de pessoas) na compara\u00e7\u00e3o anual.<\/p>\n<p>A popula\u00e7\u00e3o desalentada, isto \u00e9, ou seja, aqueles que desistiram de procurar emprego, ficou em 4,8 milh\u00f5es de pessoas, redu\u00e7\u00f5es de 6,3% (menos 322 mil pessoas) em rela\u00e7\u00e3o ao trimestre anterior e de 18,7% (menos 1,1 milh\u00e3o de pessoas) na compara\u00e7\u00e3o anual.<\/p>\n<h2>Empregos com carteira<\/h2>\n<p>O n\u00famero de empregados com carteira de trabalho assinada no setor privado (excluindo-se trabalhadores dom\u00e9sticos) foi 34,6 milh\u00f5es de pessoas, 2% a mais (681 mil pessoas) que outubro e 9,3% acima (2,9 milh\u00f5es de pessoas) que janeiro de 2021.<\/p>\n<p>O n\u00famero de empregados sem carteira assinada no setor privado (12,4 milh\u00f5es de pessoas) cresceu 3,6% (427 mil pessoas) em rela\u00e7\u00e3o a outubro e 19,8% (2 milh\u00f5es de pessoas) no ano.<\/p>\n<p>O n\u00famero de trabalhadores por conta pr\u00f3pria (25,6 milh\u00f5es de pessoas) ficou est\u00e1vel na compara\u00e7\u00e3o com o trimestre anterior, mas subiu 10,3% (mais 2,4 milh\u00f5es de pessoas) no ano.<\/p>\n<p>Os trabalhadores dom\u00e9sticos (5,6 milh\u00f5es de pessoas) apresentaram estabilidade no confronto com o trimestre anterior, mas subiu 19,9% (mais 931 mil pessoas) no ano.<\/p>\n<p>Fonte: Ag\u00eancia Brasil<\/p>\n","protected":false},"excerpt":{"rendered":"<p>O rendimento real habitual do trabalhador brasileiro ficou em R$ 2.489 no trimestre findo em janeiro deste ano. Isso representa quedas de 1,1% em rela\u00e7\u00e3o ao trimestre encerrado em outubro e de 9,7% frente ao trimestre finalizado em janeiro de 2021. Os dados, da Pesquisa Nacional por Amostra de Domic\u00edlios Cont\u00ednua (PNAD Cont\u00ednua), foram divulgados [&hellip;]<\/p>\n","protected":false},"author":246,"featured_media":196346,"comment_status":"closed","ping_status":"closed","sticky":false,"template":"","format":"standard","meta":{"footnotes":""},"categories":[436,261,439],"tags":[],"class_list":["post-196345","post","type-post","status-publish","format-standard","has-post-thumbnail","hentry","category-destaque-da-semana","category-economia","category-ultima-hora"],"_links":{"self":[{"href":"https:\/\/diarioregionaldigital.com.br\/index.php?rest_route=\/wp\/v2\/posts\/196345","targetHints":{"allow":["GET"]}}],"collection":[{"href":"https:\/\/diarioregionaldigital.com.br\/index.php?rest_route=\/wp\/v2\/posts"}],"about":[{"href":"https:\/\/diarioregionaldigital.com.br\/index.php?rest_route=\/wp\/v2\/types\/post"}],"author":[{"embeddable":true,"href":"https:\/\/diarioregionaldigital.com.br\/index.php?rest_route=\/wp\/v2\/users\/246"}],"replies":[{"embeddable":true,"href":"https:\/\/diarioregionaldigital.com.br\/index.php?rest_route=%2Fwp%2Fv2%2Fcomments&post=196345"}],"version-history":[{"count":1,"href":"https:\/\/diarioregionaldigital.com.br\/index.php?rest_route=\/wp\/v2\/posts\/196345\/revisions"}],"predecessor-version":[{"id":196347,"href":"https:\/\/diarioregionaldigital.com.br\/index.php?rest_route=\/wp\/v2\/posts\/196345\/revisions\/196347"}],"wp:featuredmedia":[{"embeddable":true,"href":"https:\/\/diarioregionaldigital.com.br\/index.php?rest_route=\/wp\/v2\/media\/196346"}],"wp:attachment":[{"href":"https:\/\/diarioregionaldigital.com.br\/index.php?rest_route=%2Fwp%2Fv2%2Fmedia&parent=196345"}],"wp:term":[{"taxonomy":"category","embeddable":true,"href":"https:\/\/diarioregionaldigital.com.br\/index.php?rest_route=%2Fwp%2Fv2%2Fcategories&post=196345"},{"taxonomy":"post_tag","embeddable":true,"href":"https:\/\/diarioregionaldigital.com.br\/index.php?rest_route=%2Fwp%2Fv2%2Ftags&post=196345"}],"curies":[{"name":"wp","href":"https:\/\/api.w.org\/{rel}","templated":true}]}}