{"id":196339,"date":"2022-03-18T10:38:34","date_gmt":"2022-03-18T13:38:34","guid":{"rendered":"https:\/\/diarioregionaldigital.com.br\/?p=196339"},"modified":"2022-03-18T10:38:34","modified_gmt":"2022-03-18T13:38:34","slug":"policia-militar-prende-autor-de-roubo-no-centro-2","status":"publish","type":"post","link":"https:\/\/diarioregionaldigital.com.br\/?p=196339","title":{"rendered":"Pol\u00edcia Militar prende autor de roubo no Centro"},"content":{"rendered":"<p>No dia 18mar22 por volta das 02h52min, a Pol\u00edcia Militar compareceu na Rua Batista de Oliveira no bairro Centro para atendimento a um homem de 22 anos, v\u00edtima de roubo. Segundo relato, transitava pelo local quando visualizou uma mulher sendo abordada de maneira agressiva por um homem, momento em que o questionando pela a\u00e7\u00e3o foi surpreendido pelo autor que com uma faca exigiu que ele entregasse o aparelho celular, evadindo logo ap\u00f3s a a\u00e7\u00e3o. Durante a fuga, foi abordado por desconhecidos que o agraderiram, subtra\u00edram o aparelho rec\u00e9m roubado e evadiram. Realizado rastreamento policial o autor de 37 anos foi preso e encaminhado ao HPS para ser medicado. O material roubado n\u00e3o foi recuperado.<\/p>\n","protected":false},"excerpt":{"rendered":"<p>No dia 18mar22 por volta das 02h52min, a Pol\u00edcia Militar compareceu na Rua Batista de Oliveira no bairro Centro para atendimento a um homem de 22 anos, v\u00edtima de roubo. Segundo relato, transitava pelo local quando visualizou uma mulher sendo abordada de maneira agressiva por um homem, momento em que o questionando pela a\u00e7\u00e3o foi [&hellip;]<\/p>\n","protected":false},"author":246,"featured_media":196340,"comment_status":"closed","ping_status":"closed","sticky":false,"template":"","format":"standard","meta":{"footnotes":""},"categories":[301,436,439],"tags":[],"class_list":["post-196339","post","type-post","status-publish","format-standard","has-post-thumbnail","hentry","category-artigos-policiais","category-destaque-da-semana","category-ultima-hora"],"_links":{"self":[{"href":"https:\/\/diarioregionaldigital.com.br\/index.php?rest_route=\/wp\/v2\/posts\/196339","targetHints":{"allow":["GET"]}}],"collection":[{"href":"https:\/\/diarioregionaldigital.com.br\/index.php?rest_route=\/wp\/v2\/posts"}],"about":[{"href":"https:\/\/diarioregionaldigital.com.br\/index.php?rest_route=\/wp\/v2\/types\/post"}],"author":[{"embeddable":true,"href":"https:\/\/diarioregionaldigital.com.br\/index.php?rest_route=\/wp\/v2\/users\/246"}],"replies":[{"embeddable":true,"href":"https:\/\/diarioregionaldigital.com.br\/index.php?rest_route=%2Fwp%2Fv2%2Fcomments&post=196339"}],"version-history":[{"count":1,"href":"https:\/\/diarioregionaldigital.com.br\/index.php?rest_route=\/wp\/v2\/posts\/196339\/revisions"}],"predecessor-version":[{"id":196341,"href":"https:\/\/diarioregionaldigital.com.br\/index.php?rest_route=\/wp\/v2\/posts\/196339\/revisions\/196341"}],"wp:featuredmedia":[{"embeddable":true,"href":"https:\/\/diarioregionaldigital.com.br\/index.php?rest_route=\/wp\/v2\/media\/196340"}],"wp:attachment":[{"href":"https:\/\/diarioregionaldigital.com.br\/index.php?rest_route=%2Fwp%2Fv2%2Fmedia&parent=196339"}],"wp:term":[{"taxonomy":"category","embeddable":true,"href":"https:\/\/diarioregionaldigital.com.br\/index.php?rest_route=%2Fwp%2Fv2%2Fcategories&post=196339"},{"taxonomy":"post_tag","embeddable":true,"href":"https:\/\/diarioregionaldigital.com.br\/index.php?rest_route=%2Fwp%2Fv2%2Ftags&post=196339"}],"curies":[{"name":"wp","href":"https:\/\/api.w.org\/{rel}","templated":true}]}}