{"id":196326,"date":"2022-03-17T21:16:46","date_gmt":"2022-03-18T00:16:46","guid":{"rendered":"https:\/\/diarioregionaldigital.com.br\/?p=196326"},"modified":"2022-03-17T21:16:46","modified_gmt":"2022-03-18T00:16:46","slug":"programa-boniteza-realiza-correcao-de-erosao-no-bandeirantes-e-reforma-de-calcada-no-centro","status":"publish","type":"post","link":"https:\/\/diarioregionaldigital.com.br\/?p=196326","title":{"rendered":"Programa Boniteza realiza corre\u00e7\u00e3o de eros\u00e3o no Bandeirantes e reforma de cal\u00e7ada no centro"},"content":{"rendered":"<p>Segundo informa\u00e7\u00f5es do site da Prefeitura de Juiz de Fora, atrav\u00e9s da Secretaria de Obras (SO) e do Gabinete de A\u00e7\u00e3o e Di\u00e1logo Comunit\u00e1rio (GADC) da Prefeitura de Juiz de Fora (PJF), o Programa Boniteza opera em 114 interven\u00e7\u00f5es nesta quinta-feira, 17.<\/p>\n<p>&nbsp;<\/p>\n<p><strong>Obras<\/strong><\/p>\n<p>&nbsp;<\/p>\n<p>Os Departamentos de Opera\u00e7\u00e3o e Manuten\u00e7\u00e3o em Obras (Domo) e de Estradas Vicinais da Secretaria de Obras t\u00eam previstas 18 a\u00e7\u00f5es.<\/p>\n<p>&nbsp;<\/p>\n<p>Interven\u00e7\u00f5es em continuidade:<\/p>\n<p>&nbsp;<\/p>\n<p>-Constru\u00e7\u00e3o de caixa de drenagem &#8211; Comunidade da Lage &#8211; Grot\u00e3o &#8211; Pires<\/p>\n<p>-Tapa Buraco &#8211; Comunidade do Grot\u00e3o &#8211; Pires<\/p>\n<p>-Limpeza em boca de lobo &#8211; Rua Henrique Burnier &#8211; Mariano Proc\u00f3pio<\/p>\n<p>-Lavagem da rede com o apoio da Cesama &#8211; Avenida Rui Barbosa &#8211; Santa Terezinha<\/p>\n<p>-Constru\u00e7\u00e3o de rede de drenagem &#8211; Rua Celso Nunes Leal &#8211; Bonfim<\/p>\n<p>-Corre\u00e7\u00e3o de eros\u00e3o &#8211; Rua Hor\u00e1cio Jos\u00e9 Teixeira &#8211; J\u00f3quei Clube<\/p>\n<p>-Patrolamento &#8211; Estrada de Sarandira &#8211; Sarandira<\/p>\n<p>-Patrolamento com lan\u00e7amento de material &#8211; Estrada do Buiei\u00e9 a Ros\u00e1rio de Minas &#8211;<\/p>\n<p>Ros\u00e1rio de Minas<\/p>\n<p>-Ro\u00e7ada &#8211; Comunidade de Sarandira- Sarandira<\/p>\n<p>-Corre\u00e7\u00e3o de eros\u00e3o &#8211; margem do c\u00f3rrego do retiro &#8211; Retiro<\/p>\n<p>-Retirada de borrachudo e lan\u00e7amento de material &#8211; Rua Professor Cris\u00f3stomo<\/p>\n<p>-Ferreira- Granjas Triunfo<\/p>\n<p>&nbsp;<\/p>\n<p>Novas interven\u00e7\u00f5es:<\/p>\n<p>&nbsp;<\/p>\n<p>-Reforma de cal\u00e7ada com pedra portuguesa &#8211; Avenida Get\u00falio Vargas &#8211; Centro<\/p>\n<p>-Constru\u00e7\u00e3o de dreno &#8211; Estrada do Fund\u00e3o &#8211; Torre\u00f5es<\/p>\n<p>-Desentupimento de rede &#8211; Rua Mira\u00ed &#8211; Dom Bosco<\/p>\n<p>-Corre\u00e7\u00e3o de eros\u00e3o &#8211; Rua Jos\u00e9 Lib\u00e2nio Rodrigues &#8211; Bandeirantes<\/p>\n<p>-Ro\u00e7ada &#8211; Comunidade de Caet\u00e9 &#8211; Caet\u00e9<\/p>\n<p>-Lan\u00e7amento de Material com Retro Escavadeira &#8211; Rua Arlindo \u00c1vila<\/p>\n<p>&nbsp;<\/p>\n<p><strong>Ilumina\u00e7\u00e3o P\u00fablica<\/strong><\/p>\n<p>O departamento de Ilumina\u00e7\u00e3o P\u00fablica da PJF d\u00e1 continuidade \u00e0s a\u00e7\u00f5es com a previs\u00e3o de trocas de 96 l\u00e2mpadas em todas as regi\u00f5es.<\/p>\n<p><strong>Centro<\/strong><\/p>\n<p>Avenida Bar\u00e3o do Rio Branco<\/p>\n<p>Rua Fernando Lobo<\/p>\n<p><strong>Novo Triunfo<\/strong><\/p>\n<p>Avenida Professor Mozart Teixeira Filho<\/p>\n<p>Rua Madre Teresa De Calcut\u00e1<\/p>\n<p>Rua Jacy De Assis<\/p>\n<p><strong>S\u00e3o Dami\u00e3o<\/strong><\/p>\n<p>Rua C\u00e9lio Braga De Araujo<\/p>\n<p>Rua Bartolomeu Dos Santos<\/p>\n<p><strong>Monte Castelo<\/strong><\/p>\n<p>Rua Jos\u00e9 Martins Da Silva<\/p>\n<p><strong>Santa Cruz<\/strong><\/p>\n<p>Rua Ermindo Dias De Oliveira<\/p>\n<p>Rua Altivo Milit\u00e3o<\/p>\n<p>Rua Jos\u00e9 Herculano Da Cruz<\/p>\n<p>Avenida Doutor Sime\u00e3o De Faria<\/p>\n<p>Rua Maria Joaquina Da Mota<\/p>\n<p>Rua Miguel Marinho<\/p>\n<p><strong>J\u00f3quei Clube I<\/strong><\/p>\n<p>Rua Constan\u00e7a Vidal<\/p>\n<p><strong>Barreira do Triunfo<\/strong><\/p>\n<p>Rua Maria Francisca Da Silva<\/p>\n<p><strong>Benfica<\/strong><\/p>\n<p>Rua Agostinho Brolhiato<\/p>\n<p>Rua Evaristo Da Veiga.<\/p>\n<p><strong>Nova Era II<\/strong><\/p>\n<p>Rua Jose De Araujo Rocha<\/p>\n<p><strong>Ponte Preta<\/strong><\/p>\n<p>Travessa Horozino Josino De Oliveira<\/p>\n<p><strong>Miguel Marinho<\/strong><\/p>\n<p>Rua Dom Juvenal Roriz<\/p>\n<p><strong>S\u00e3o Pedro<\/strong><\/p>\n<p>Rua Jo\u00e3o Krolman Sobrinho<\/p>\n<p>Avenida Pedro Henrique Krambeck<\/p>\n<p>Avenida Senhor Dos Passos<\/p>\n<p>Travessa Senhor Dos Passos<\/p>\n<p><strong>Cai\u00e7aras<\/strong><\/p>\n<p>Rua Jos\u00e9 Micherif<\/p>\n<p><strong>Borboleta<\/strong><\/p>\n<p>Rua Pedro Gerhein<\/p>\n<p>Rua Engenheiro Edmundo Schimidt<\/p>\n<p>Rua Adelardo Fortini<\/p>\n<p>Rua Martinho Eiterer<\/p>\n<p>Rua Jos\u00e9 Louren\u00e7o<\/p>\n<p><strong>Cerro Azul<\/strong><\/p>\n<p>Rua Florival Cheren Cruzeiro<\/p>\n<p><strong>Dom Orione<\/strong><\/p>\n<p>Rua M\u00e1rio Cruz Meyer<\/p>\n<p><strong>Alto dos Pinheiros<\/strong><\/p>\n<p>Rua Ant\u00f4nio Jacob da Paix\u00e3o<\/p>\n<p><strong>Maril\u00e2ndia<\/strong><\/p>\n<p>Rua Doutor Ivan Dias Raimundo<\/p>\n<p>Rua Doutor Roberto Medeiros<\/p>\n<p><strong>Itatiaia<\/strong><\/p>\n<p>Rua Roberto Stiegert<\/p>\n<p><strong>Floresta<\/strong><\/p>\n<p>Rua Sebasti\u00e3o Lucindo Severino<\/p>\n<p>Rua (Condominio Florestinha)<\/p>\n<p><strong>Jardim Esperan\u00e7a<\/strong><\/p>\n<p>Rua Padre Jo\u00e3o Micheletto<\/p>\n<p>Rua Padre Ac\u00e1cio Duarte<\/p>\n<p>Rua Henrique Pimenta Braziel<\/p>\n<p><strong>Bar\u00e3o do Retiro<\/strong><\/p>\n<p>Rua Irm\u00e3 Emerenciana<\/p>\n<p>Rua Carlos Tavares De Pinho<\/p>\n<p>Rua Doutor Saulo Villela<\/p>\n<p>Rua Sebasti\u00e3o Cardoso<\/p>\n<p>Rua Jose Augusto Araujo<\/p>\n<p>Avenida Doutor Francisco Alvares De Assis<\/p>\n<p><strong>Terras Altas<\/strong><\/p>\n<p>Rua Trovador Luiz Ot\u00e1vio<\/p>\n<p>Rua C\u00e2ndido Moreira Guedes<\/p>\n<p>Rua Adayro Martins Rubio<\/p>\n<p><strong>Jardim Das Pedras Preciosas (Retiro)<\/strong><\/p>\n<p>Rua Opala<\/p>\n<p><strong>Granjas Bethel<\/strong><\/p>\n<p>Estrada Usina Joazal<\/p>\n<p>Rua Euz\u00e9bio Ant\u00f4nio Esteves<\/p>\n<p><strong>Niter\u00f3i<\/strong><\/p>\n<p>Rua C<\/p>\n<p><strong>Retiro<\/strong><\/p>\n<p>Rua A<\/p>\n<p><strong>Santa Efig\u00eania<\/strong><\/p>\n<p>Rua Francisco Gomes Dos Santos<\/p>\n<p><strong>Jardim Ga\u00facho<\/strong><\/p>\n<p>Rua Izabel Lucas Jorge<\/p>\n<p>Rua Dr Jos\u00e9 Lanziotti<\/p>\n<p>Rua Jos\u00e9 Tavares<\/p>\n<p>Rua Rita Francisca De Jesus<\/p>\n<p>Rua Maria Aparecida De Carvalho Silva<\/p>\n<p><strong>Sagrado Cora\u00e7\u00e3o de Jesus<\/strong><\/p>\n<p>Rua Projetada 1<\/p>\n<p>Rua Projetada 4<\/p>\n<p>Rua Projetada 2<\/p>\n<p>Rua Marciano Pinto<\/p>\n<p>Rua Doutor Edmundo Lys<\/p>\n<p><strong>Previdenci\u00e1rios<\/strong><\/p>\n<p>Rua Ant\u00f4nio Amaral Tostes<\/p>\n<p>Rua Ant\u00f4nio Bento De Vasconcelos<\/p>\n<p>Rua Danti Mancini<\/p>\n<p>Rua Ant\u00f4nio De Castro<\/p>\n<p><strong>Jardim de Al\u00e1<\/strong><\/p>\n<p>Rua Manoel Moreira De Moraes<\/p>\n<p>Rua Jer\u00f4nimo Rocha<\/p>\n<p>&nbsp;<\/p>\n<p><strong>Gabinete de A\u00e7\u00e3o e Di\u00e1logo Comunit\u00e1rio<\/strong><\/p>\n<p>&nbsp;<\/p>\n<p>As a\u00e7\u00f5es da Secretaria de Obras s\u00e3o realizadas atrav\u00e9s do Gabinete de A\u00e7\u00e3o e Di\u00e1logo Comunit\u00e1rio, que recebe demandas de melhorias urbanas pelo n\u00famero (32) 3690-7241, por liga\u00e7\u00e3o ou WhatsApp.<\/p>\n<p>&nbsp;<\/p>\n<p>No\u00a0<a href=\"https:\/\/www.pjf.mg.gov.br\/gabinetecomunitario\/\"><strong>site do gabinete<\/strong><\/a>, est\u00e3o dispon\u00edveis informa\u00e7\u00f5es atualizadas\u00a0 diariamente sobre os servi\u00e7os realizados pelas secretarias de Obras (SO); de Sustentabilidade em Meio Ambiente e Atividades Urbanas (Sesmaur); de Mobilidade Urbana (SMU); e pela\u00a0 Empresa Municipal de Pavimenta\u00e7\u00e3o e Urbaniza\u00e7\u00e3o (Empav); Departamento Municipal de Limpeza Urbana (Demlurb); e Companhia de Saneamento Municipal (Cesama).<\/p>\n<p><strong>Foto:\u00a0<\/strong>Assessoria\/PJF<\/p>\n<p><strong>Se voc\u00ea tem interesse em receber esta e outras not\u00edcias da PJF diretamente no WhatsApp, entre no nosso grupo\u00a0<a href=\"https:\/\/chat.whatsapp.com\/FxQ0Mw2LlRh41IOaba3BXk\">\u201cCentral Not\u00edcias PJF\u201d\u200b<\/a><\/strong><\/p>\n","protected":false},"excerpt":{"rendered":"<p>Segundo informa\u00e7\u00f5es do site da Prefeitura de Juiz de Fora, atrav\u00e9s da Secretaria de Obras (SO) e do Gabinete de A\u00e7\u00e3o e Di\u00e1logo Comunit\u00e1rio (GADC) da Prefeitura de Juiz de Fora (PJF), o Programa Boniteza opera em 114 interven\u00e7\u00f5es nesta quinta-feira, 17. &nbsp; Obras &nbsp; Os Departamentos de Opera\u00e7\u00e3o e Manuten\u00e7\u00e3o em Obras (Domo) e [&hellip;]<\/p>\n","protected":false},"author":246,"featured_media":196327,"comment_status":"closed","ping_status":"closed","sticky":false,"template":"","format":"standard","meta":{"footnotes":""},"categories":[253,436,439],"tags":[],"class_list":["post-196326","post","type-post","status-publish","format-standard","has-post-thumbnail","hentry","category-cidade","category-destaque-da-semana","category-ultima-hora"],"_links":{"self":[{"href":"https:\/\/diarioregionaldigital.com.br\/index.php?rest_route=\/wp\/v2\/posts\/196326","targetHints":{"allow":["GET"]}}],"collection":[{"href":"https:\/\/diarioregionaldigital.com.br\/index.php?rest_route=\/wp\/v2\/posts"}],"about":[{"href":"https:\/\/diarioregionaldigital.com.br\/index.php?rest_route=\/wp\/v2\/types\/post"}],"author":[{"embeddable":true,"href":"https:\/\/diarioregionaldigital.com.br\/index.php?rest_route=\/wp\/v2\/users\/246"}],"replies":[{"embeddable":true,"href":"https:\/\/diarioregionaldigital.com.br\/index.php?rest_route=%2Fwp%2Fv2%2Fcomments&post=196326"}],"version-history":[{"count":1,"href":"https:\/\/diarioregionaldigital.com.br\/index.php?rest_route=\/wp\/v2\/posts\/196326\/revisions"}],"predecessor-version":[{"id":196328,"href":"https:\/\/diarioregionaldigital.com.br\/index.php?rest_route=\/wp\/v2\/posts\/196326\/revisions\/196328"}],"wp:featuredmedia":[{"embeddable":true,"href":"https:\/\/diarioregionaldigital.com.br\/index.php?rest_route=\/wp\/v2\/media\/196327"}],"wp:attachment":[{"href":"https:\/\/diarioregionaldigital.com.br\/index.php?rest_route=%2Fwp%2Fv2%2Fmedia&parent=196326"}],"wp:term":[{"taxonomy":"category","embeddable":true,"href":"https:\/\/diarioregionaldigital.com.br\/index.php?rest_route=%2Fwp%2Fv2%2Fcategories&post=196326"},{"taxonomy":"post_tag","embeddable":true,"href":"https:\/\/diarioregionaldigital.com.br\/index.php?rest_route=%2Fwp%2Fv2%2Ftags&post=196326"}],"curies":[{"name":"wp","href":"https:\/\/api.w.org\/{rel}","templated":true}]}}