{"id":196323,"date":"2022-03-17T21:14:30","date_gmt":"2022-03-18T00:14:30","guid":{"rendered":"https:\/\/diarioregionaldigital.com.br\/?p=196323"},"modified":"2022-03-17T21:14:30","modified_gmt":"2022-03-18T00:14:30","slug":"pjf-inaugura-projeto-territorios-da-cidadania-em-parceria-com-onu-habitat","status":"publish","type":"post","link":"https:\/\/diarioregionaldigital.com.br\/?p=196323","title":{"rendered":"PJF inaugura projeto \u201cTerrit\u00f3rios da Cidadania\u201d em parceria com ONU-Habitat"},"content":{"rendered":"<p>Segundo informa\u00e7\u00f5es do site da Prefeitura de Juiz de Fora, a Prefeitura de Juiz de Fora (PJF) inaugurou na noite desta quarta-feira, 16, o projeto \u201cTerrit\u00f3rios da Cidadania\u201d, fruto de um conv\u00eanio entre o Programa das Na\u00e7\u00f5es Unidas para Assentamentos Humanos (ONU-Habitat) e a Secretaria de Planejamento do Territ\u00f3rio e Participa\u00e7\u00e3o Popular (Seppop). O evento ocorreu no Teatro Paschoal Carlos Magno e contou com a presen\u00e7a da prefeita Margarida Salom\u00e3o, al\u00e9m de demais autoridades do executivo e l\u00edderes comunit\u00e1rios da cidade.<br \/>\nA iniciativa \u00e9 concebida como uma estrat\u00e9gia de desenvolvimento local sustent\u00e1vel e da garantia dos direitos sociais voltados para os locais de vulnerabilidade do munic\u00edpio. O projeto tamb\u00e9m ir\u00e1 auxiliar na cria\u00e7\u00e3o de uma ferramenta de planejamento e gest\u00e3o para o desenvolvimento socioecon\u00f4mico e acesso aos programas b\u00e1sicos de cidadania para todas e todos.<\/p>\n<p>A prefeita destacou a import\u00e2ncia do projeto para a administra\u00e7\u00e3o municipal. \u201cEsta \u00e9 uma noite hist\u00f3rica, pois estamos fazendo mudan\u00e7as muito importantes na nossa cidade. Eu estou muito esperan\u00e7osa de que n\u00f3s ganhamos ao dispor, de fato, de uma ferramenta muito eficaz para promover a inclus\u00e3o e multiplicar oportunidades\u201d, enaltece.<br \/>\nPara o secret\u00e1rio da Seppop, Martvs Das Chagas, \u00e9 importante ressaltar que esta \u00e9 uma parceria in\u00e9dita na hist\u00f3ria da cidade. \u201cAtrav\u00e9s dela, n\u00f3s inserimos o munic\u00edpio de Juiz de Fora em uma agenda internacional e na agenda 2030. E com a transfer\u00eancia de tecnologia dos produtos que o ONU-Habitat ir\u00e1 empregar no munic\u00edpio, os funcion\u00e1rios da Prefeitura poder\u00e3o se apropriar dessa tecnologia social t\u00e3o importante. \u00c9 uma parceria muito importante para a cidade e para a gest\u00e3o p\u00fablica\u201d, indica.<br \/>\nJ\u00e1 Rayne Ferretti, diretora do ONU-Habitat, sustenta que a import\u00e2ncia da iniciativa vem de diversas frentes. \u201cA primeira \u00e9 ser um momento in\u00e9dito de produ\u00e7\u00e3o de dados e informa\u00e7\u00f5es de pequenas por\u00e7\u00f5es do munic\u00edpio. N\u00f3s vamos fazer uma leitura das condi\u00e7\u00f5es urbanas e do perfil das pessoas que moram nesses 139 micro territ\u00f3rios de vulnerabilidade. O objetivo \u00e9 orientar pol\u00edticas p\u00fablicas e adaptar as j\u00e1 existentes, al\u00e9m de orientar a pr\u00f3pria gest\u00e3o do munic\u00edpio para que possa absorver esses dados e dar uma devolutiva para essas popula\u00e7\u00f5es que moram nesses territ\u00f3rios\u201d, explica.<br \/>\nA solenidade tamb\u00e9m contou diversas apresenta\u00e7\u00f5es art\u00edsticas. No hall de entrada do teatro, uma interven\u00e7\u00e3o de grafite foi realizada pelos artistas Pekena (Fernanda Lumen) e Stain (Felipe Rosa). J\u00e1 durante o evento, ocorreram apresenta\u00e7\u00f5es dos grupos \u201cDan\u00e7as Urbanas\u201d, \u201cSamba Funk\u201d, \u201cVozes da Rua\u201d e \u201cConfraria dos Poetas\u201d.<\/p>\n<p>&nbsp;<\/p>\n<p><strong>Outras informa\u00e7\u00f5es:\u00a0<\/strong><\/p>\n<p>Departamento de Planejamento de Territ\u00f3rio e Participa\u00e7\u00e3o Popular (DPPO)<\/p>\n<p>(32) 3690-7077<\/p>\n","protected":false},"excerpt":{"rendered":"<p>Segundo informa\u00e7\u00f5es do site da Prefeitura de Juiz de Fora, a Prefeitura de Juiz de Fora (PJF) inaugurou na noite desta quarta-feira, 16, o projeto \u201cTerrit\u00f3rios da Cidadania\u201d, fruto de um conv\u00eanio entre o Programa das Na\u00e7\u00f5es Unidas para Assentamentos Humanos (ONU-Habitat) e a Secretaria de Planejamento do Territ\u00f3rio e Participa\u00e7\u00e3o Popular (Seppop). O evento [&hellip;]<\/p>\n","protected":false},"author":246,"featured_media":196324,"comment_status":"closed","ping_status":"closed","sticky":false,"template":"","format":"standard","meta":{"footnotes":""},"categories":[253,436,439],"tags":[],"class_list":["post-196323","post","type-post","status-publish","format-standard","has-post-thumbnail","hentry","category-cidade","category-destaque-da-semana","category-ultima-hora"],"_links":{"self":[{"href":"https:\/\/diarioregionaldigital.com.br\/index.php?rest_route=\/wp\/v2\/posts\/196323","targetHints":{"allow":["GET"]}}],"collection":[{"href":"https:\/\/diarioregionaldigital.com.br\/index.php?rest_route=\/wp\/v2\/posts"}],"about":[{"href":"https:\/\/diarioregionaldigital.com.br\/index.php?rest_route=\/wp\/v2\/types\/post"}],"author":[{"embeddable":true,"href":"https:\/\/diarioregionaldigital.com.br\/index.php?rest_route=\/wp\/v2\/users\/246"}],"replies":[{"embeddable":true,"href":"https:\/\/diarioregionaldigital.com.br\/index.php?rest_route=%2Fwp%2Fv2%2Fcomments&post=196323"}],"version-history":[{"count":1,"href":"https:\/\/diarioregionaldigital.com.br\/index.php?rest_route=\/wp\/v2\/posts\/196323\/revisions"}],"predecessor-version":[{"id":196325,"href":"https:\/\/diarioregionaldigital.com.br\/index.php?rest_route=\/wp\/v2\/posts\/196323\/revisions\/196325"}],"wp:featuredmedia":[{"embeddable":true,"href":"https:\/\/diarioregionaldigital.com.br\/index.php?rest_route=\/wp\/v2\/media\/196324"}],"wp:attachment":[{"href":"https:\/\/diarioregionaldigital.com.br\/index.php?rest_route=%2Fwp%2Fv2%2Fmedia&parent=196323"}],"wp:term":[{"taxonomy":"category","embeddable":true,"href":"https:\/\/diarioregionaldigital.com.br\/index.php?rest_route=%2Fwp%2Fv2%2Fcategories&post=196323"},{"taxonomy":"post_tag","embeddable":true,"href":"https:\/\/diarioregionaldigital.com.br\/index.php?rest_route=%2Fwp%2Fv2%2Ftags&post=196323"}],"curies":[{"name":"wp","href":"https:\/\/api.w.org\/{rel}","templated":true}]}}