{"id":196320,"date":"2022-03-17T21:11:22","date_gmt":"2022-03-18T00:11:22","guid":{"rendered":"https:\/\/diarioregionaldigital.com.br\/?p=196320"},"modified":"2022-03-17T21:11:22","modified_gmt":"2022-03-18T00:11:22","slug":"ultimos-dias-da-feira-economia-popular-solidaria-no-espaco-cidade","status":"publish","type":"post","link":"https:\/\/diarioregionaldigital.com.br\/?p=196320","title":{"rendered":"\u00daltimos dias da Feira Economia Popular Solid\u00e1ria no Espa\u00e7o Cidade"},"content":{"rendered":"<p>Segundo informa\u00e7\u00f5es do site da Prefeitura de Juiz de Fora, a Feira Livre \u201cTrama de Mulheres \u2013 Feira de Artesanato e Economia Popular Solid\u00e1ria\u201d termina no pr\u00f3ximo s\u00e1bado, 19. Realizada no Espa\u00e7o Cidade, no Pa\u00e7o Municipal, localizado na Avenida Rio Branco 2.234, no Centro), a iniciativa \u00e9 parte da programa\u00e7\u00e3o do M\u00eas da Mulher, sendo promovida pela Prefeitura de Juiz de Fora (PJF), atrav\u00e9s da Funda\u00e7\u00e3o Cultural Alfredo Ferreira Lage (Funalfa) e da Secretaria de Desenvolvimento Sustent\u00e1vel e Inclusivo, da Inova\u00e7\u00e3o e Competitividade (Sedic).<\/p>\n<p>A feira re\u00fane artes\u00e3s que comercializam pe\u00e7as de decora\u00e7\u00e3o,bijuterias e bonecas artesanais, brech\u00f3 e alimentos, entre outros produtos. O funcionamento da feira segue at\u00e9 o s\u00e1bado, dia 19, com entrada franca, das 10h \u00e0s 19h, nesta quinta, 17, e sexta-feira, 18. J\u00e1 ao s\u00e1bado, a visita\u00e7\u00e3o ser\u00e1 das 10h \u00e0s 14h. Os protocolos sanit\u00e1rios para conter a circula\u00e7\u00e3o do coronav\u00edrus ser\u00e3o mantidos, sendo obrigat\u00f3rio o uso de m\u00e1scara durante todo o per\u00edodo de perman\u00eancia no local.<\/p>\n<p>As participantes da \u201cTrama\u201d integram o movimento de EconomiaSolid\u00e1ria da cidade, composto por associa\u00e7\u00f5es, cooperativas e grupos informais.Participam dessa a\u00e7\u00e3o a Associa\u00e7\u00e3o de Feirantes de Economia Solid\u00e1ria, aCooperativa Lixarte, o Movimento Negro Unificado, o Feij\u00e3o de Ogun e a Geoafro.<\/p>\n<p><strong>Se voc\u00ea tem interesse em receber esta e outras not\u00edcias da PJF diretamente no WhatsApp, entre no nosso grupo\u00a0<a href=\"https:\/\/chat.whatsapp.com\/FxQ0Mw2LlRh41IOaba3BXk\">\u201cCentral Not\u00edcias PJF\u201d\u200b<\/a><\/strong><\/p>\n","protected":false},"excerpt":{"rendered":"<p>Segundo informa\u00e7\u00f5es do site da Prefeitura de Juiz de Fora, a Feira Livre \u201cTrama de Mulheres \u2013 Feira de Artesanato e Economia Popular Solid\u00e1ria\u201d termina no pr\u00f3ximo s\u00e1bado, 19. Realizada no Espa\u00e7o Cidade, no Pa\u00e7o Municipal, localizado na Avenida Rio Branco 2.234, no Centro), a iniciativa \u00e9 parte da programa\u00e7\u00e3o do M\u00eas da Mulher, sendo [&hellip;]<\/p>\n","protected":false},"author":246,"featured_media":196321,"comment_status":"closed","ping_status":"closed","sticky":false,"template":"","format":"standard","meta":{"footnotes":""},"categories":[253,436,439],"tags":[],"class_list":["post-196320","post","type-post","status-publish","format-standard","has-post-thumbnail","hentry","category-cidade","category-destaque-da-semana","category-ultima-hora"],"_links":{"self":[{"href":"https:\/\/diarioregionaldigital.com.br\/index.php?rest_route=\/wp\/v2\/posts\/196320","targetHints":{"allow":["GET"]}}],"collection":[{"href":"https:\/\/diarioregionaldigital.com.br\/index.php?rest_route=\/wp\/v2\/posts"}],"about":[{"href":"https:\/\/diarioregionaldigital.com.br\/index.php?rest_route=\/wp\/v2\/types\/post"}],"author":[{"embeddable":true,"href":"https:\/\/diarioregionaldigital.com.br\/index.php?rest_route=\/wp\/v2\/users\/246"}],"replies":[{"embeddable":true,"href":"https:\/\/diarioregionaldigital.com.br\/index.php?rest_route=%2Fwp%2Fv2%2Fcomments&post=196320"}],"version-history":[{"count":1,"href":"https:\/\/diarioregionaldigital.com.br\/index.php?rest_route=\/wp\/v2\/posts\/196320\/revisions"}],"predecessor-version":[{"id":196322,"href":"https:\/\/diarioregionaldigital.com.br\/index.php?rest_route=\/wp\/v2\/posts\/196320\/revisions\/196322"}],"wp:featuredmedia":[{"embeddable":true,"href":"https:\/\/diarioregionaldigital.com.br\/index.php?rest_route=\/wp\/v2\/media\/196321"}],"wp:attachment":[{"href":"https:\/\/diarioregionaldigital.com.br\/index.php?rest_route=%2Fwp%2Fv2%2Fmedia&parent=196320"}],"wp:term":[{"taxonomy":"category","embeddable":true,"href":"https:\/\/diarioregionaldigital.com.br\/index.php?rest_route=%2Fwp%2Fv2%2Fcategories&post=196320"},{"taxonomy":"post_tag","embeddable":true,"href":"https:\/\/diarioregionaldigital.com.br\/index.php?rest_route=%2Fwp%2Fv2%2Ftags&post=196320"}],"curies":[{"name":"wp","href":"https:\/\/api.w.org\/{rel}","templated":true}]}}