{"id":196316,"date":"2022-03-17T21:02:45","date_gmt":"2022-03-18T00:02:45","guid":{"rendered":"https:\/\/diarioregionaldigital.com.br\/?p=196316"},"modified":"2022-03-17T21:02:45","modified_gmt":"2022-03-18T00:02:45","slug":"guarda-municipal-presta-socorro-em-area-publica","status":"publish","type":"post","link":"https:\/\/diarioregionaldigital.com.br\/?p=196316","title":{"rendered":"Guarda Municipal presta socorro em \u00e1rea p\u00fablica"},"content":{"rendered":"<p>Segundo informa\u00e7\u00f5es do site da Prefeitura de Juiz de Fora, no in\u00edcio da manh\u00e3, desta quinta-feira, 17, uma equipe da Guarda Municipal, que se encontrava em ronda preventiva na \u00e1rea central, foi acionada por populares para socorro a uma idosa que teria ca\u00eddo na esquina da Rua S\u00e3o Jo\u00e3o com Batista de Oliveira. Imediatamente, a equipe de deslocou, encontrando a mulher com um corte na cabe\u00e7a e bastante confusa. Os guardas acionaram Servi\u00e7o de Atendimento M\u00f3vel de Urg\u00eancia (Samu), que compareceu e constatou o ferimento causado pela queda, ap\u00f3s uma baixa na press\u00e3o arterial. Ela foi encaminhada ao Hospital de Pronto Socorro.<\/p>\n<p>A Guarda Municipal de seguran\u00e7a p\u00fablica, vinculado \u00e0 Secretaria de Seguran\u00e7a Urbana e Cidadania (Sesuc), da Prefeitura de Juiz de Fora (PJF), possui atua\u00e7\u00e3o que se estende para al\u00e9m da prote\u00e7\u00e3o preventiva aos bens, servi\u00e7os e instala\u00e7\u00f5es da administra\u00e7\u00e3o p\u00fablica municipal. Por se encontrar frequentemente em \u00e1rea p\u00fablica, \u00e9 comum a popula\u00e7\u00e3o recorrer \u00e0 corpora\u00e7\u00e3o para agir em socorro de pessoas, que precisam de ajuda diante de diversas situa\u00e7\u00f5es.<\/p>\n<p>A forma\u00e7\u00e3o do Guarda Municipal conta com a disciplina de \u201cSocorrismo\u201d. Cada integrante passou por abordagem te\u00f3rica e pr\u00e1tica, em treinamento voltado ao atendimento imediato de situa\u00e7\u00f5es de emerg\u00eancia cotidianas, a fim de proporcionar no\u00e7\u00f5es m\u00ednimas para a condu\u00e7\u00e3o de casos confrontados no dia a dia de trabalho nas ruas. Periodicamente, a corpora\u00e7\u00e3o retorna \u00e0 sala de aula, em processo de capacita\u00e7\u00e3o cont\u00ednua, abordando conte\u00fados relacionados ao trabalho da Guarda, incluindo os da \u00e1rea de sa\u00fade.<\/p>\n<div>\n<strong>Se voc\u00ea tem interesse em receber esta e outras not\u00edcias da PJF diretamente no WhatsApp, entre no nosso grupo\u00a0<a href=\"https:\/\/chat.whatsapp.com\/FxQ0Mw2LlRh41IOaba3BXk\">\u201cCentral Not\u00edcias PJF\u201d\u200b<\/a><\/strong><\/div>\n","protected":false},"excerpt":{"rendered":"<p>Segundo informa\u00e7\u00f5es do site da Prefeitura de Juiz de Fora, no in\u00edcio da manh\u00e3, desta quinta-feira, 17, uma equipe da Guarda Municipal, que se encontrava em ronda preventiva na \u00e1rea central, foi acionada por populares para socorro a uma idosa que teria ca\u00eddo na esquina da Rua S\u00e3o Jo\u00e3o com Batista de Oliveira. Imediatamente, a [&hellip;]<\/p>\n","protected":false},"author":246,"featured_media":196317,"comment_status":"closed","ping_status":"closed","sticky":false,"template":"","format":"standard","meta":{"footnotes":""},"categories":[253,436,440,439],"tags":[],"class_list":["post-196316","post","type-post","status-publish","format-standard","has-post-thumbnail","hentry","category-cidade","category-destaque-da-semana","category-destaques-do-dia","category-ultima-hora"],"_links":{"self":[{"href":"https:\/\/diarioregionaldigital.com.br\/index.php?rest_route=\/wp\/v2\/posts\/196316","targetHints":{"allow":["GET"]}}],"collection":[{"href":"https:\/\/diarioregionaldigital.com.br\/index.php?rest_route=\/wp\/v2\/posts"}],"about":[{"href":"https:\/\/diarioregionaldigital.com.br\/index.php?rest_route=\/wp\/v2\/types\/post"}],"author":[{"embeddable":true,"href":"https:\/\/diarioregionaldigital.com.br\/index.php?rest_route=\/wp\/v2\/users\/246"}],"replies":[{"embeddable":true,"href":"https:\/\/diarioregionaldigital.com.br\/index.php?rest_route=%2Fwp%2Fv2%2Fcomments&post=196316"}],"version-history":[{"count":2,"href":"https:\/\/diarioregionaldigital.com.br\/index.php?rest_route=\/wp\/v2\/posts\/196316\/revisions"}],"predecessor-version":[{"id":196319,"href":"https:\/\/diarioregionaldigital.com.br\/index.php?rest_route=\/wp\/v2\/posts\/196316\/revisions\/196319"}],"wp:featuredmedia":[{"embeddable":true,"href":"https:\/\/diarioregionaldigital.com.br\/index.php?rest_route=\/wp\/v2\/media\/196317"}],"wp:attachment":[{"href":"https:\/\/diarioregionaldigital.com.br\/index.php?rest_route=%2Fwp%2Fv2%2Fmedia&parent=196316"}],"wp:term":[{"taxonomy":"category","embeddable":true,"href":"https:\/\/diarioregionaldigital.com.br\/index.php?rest_route=%2Fwp%2Fv2%2Fcategories&post=196316"},{"taxonomy":"post_tag","embeddable":true,"href":"https:\/\/diarioregionaldigital.com.br\/index.php?rest_route=%2Fwp%2Fv2%2Ftags&post=196316"}],"curies":[{"name":"wp","href":"https:\/\/api.w.org\/{rel}","templated":true}]}}