{"id":196313,"date":"2022-03-17T20:56:47","date_gmt":"2022-03-17T23:56:47","guid":{"rendered":"https:\/\/diarioregionaldigital.com.br\/?p=196313"},"modified":"2022-03-17T20:56:47","modified_gmt":"2022-03-17T23:56:47","slug":"palmeiras-e-corinthians-buscam-melhor-campanha-da-1a-fase-do-paulistao","status":"publish","type":"post","link":"https:\/\/diarioregionaldigital.com.br\/?p=196313","title":{"rendered":"Palmeiras e Corinthians buscam melhor campanha da 1\u00aa fase do Paulist\u00e3o"},"content":{"rendered":"<p>Garantidos por antecipa\u00e7\u00e3o nas quartas de final do Campeonato Paulista e com lideran\u00e7a dos respectivos grupos assegurada, Palmeiras e Corinthians se enfrentam nesta\u00a0quinta-feira (17), \u00e0s 20h30 (hor\u00e1rio de Bras\u00edlia), no Allianz Parque, em duelo atrasado da\u00a0sexta\u00a0rodada, de olho na melhor campanha da primeira fase. O Verd\u00e3o tem 26 pontos, seis a mais que o Tim\u00e3o, restando seis pontos em disputa pelas\u00a0duas equipes.<img decoding=\"async\" src=\"https:\/\/agenciabrasil.ebc.com.br\/ebc.png?id=1448988&amp;o=node\" \/><img decoding=\"async\" src=\"https:\/\/agenciabrasil.ebc.com.br\/ebc.gif?id=1448988&amp;o=node\" \/><\/p>\n<p>L\u00edder do Grupo C, o Alviverde precisa de apenas um empate no D\u00e9rbi Paulistano para confirmar o posto de melhor time do Estadual antes do mata-mata. O Alvinegro, que encabe\u00e7a o Grupo A, com 20 pontos, precisa ganhar as duas partidas que lhe restam na primeira fase e torcer para que o rival tamb\u00e9m saia derrotado na \u00faltima rodada, levando a disputa para o saldo de gols.<\/p>\n<p>Ter\u00a0campanha melhor que o advers\u00e1rio garante \u00e0 equipe a vantagem de atuar como mandante nas partidas decisivas do mata-mata, que\u00a0ter\u00e1 jogo \u00fanico nos confrontos das quartas e da semifinal. A pontua\u00e7\u00e3o adquirida na primeira fase continua a ser calculada nas etapas seguintes da competi\u00e7\u00e3o.<\/p>\n<p>O zagueiro Luan (contundido) e os volantes Patrick de Paula e Gabriel Menino (ambos em transi\u00e7\u00e3o f\u00edsica) desfalcam o time de Abel Ferreira, que deve escalar a for\u00e7a m\u00e1xima que tem \u00e0 disposi\u00e7\u00e3o. O Palmeiras deve ir a campo com: Weverton; Marcos Rocha, Gustavo G\u00f3mez, Murilo e Joaqu\u00edn Piquerez; Danilo, Z\u00e9 Rafael, Gustavo Scarpa e Raphael Veiga; Dudu e Rony.<\/p>\n<p>No lado do Tim\u00e3o,\u00a0Vitor Pereira disputar\u00e1 o terceiro jogo \u00e0 frente do Corinthians, sendo o segundo cl\u00e1ssico &#8211; na estreia, o Tim\u00e3o foi derrotado pelo S\u00e3o Paulo por 1 a 0, no Morumbi. O lateral Bruno Melo, o atacante J\u00f4 (ambos lesionados) e o volante Xavier (retoma a forma ap\u00f3s se recuperar de contus\u00e3o) est\u00e3o fora de combate. A prov\u00e1vel forma\u00e7\u00e3o que o t\u00e9cnico levar\u00e1 para o cl\u00e1ssico\u00a0ter\u00e1: C\u00e1ssio, Fagner, Jo\u00e3o Victor, Gil e F\u00e1bio Santos; Du Queiroz, Paulinho e Renato Augusto; Willian, Gustavo Mosquito e R\u00f3ger Guedes.<\/p>\n<p>Tanto Palmeiras quanto Corinthians encerram no\u00a0domingo\u00a0(20), \u00e0s 16h, as respectivas participa\u00e7\u00f5es na primeira fase. O Verd\u00e3o encara o Red Bull Bragantino (l\u00edder do Grupo D e tamb\u00e9m classificado) no est\u00e1dio Nabi Abi Chedid, em Bragan\u00e7a Paulista (SP). O Tim\u00e3o visita o rebaixado Novorizontino no est\u00e1dio Jorge Ismael de Biasi, em Novo Horizonte (SP).<\/p>\n<p>Fonte: Ag\u00eancia Brasil<\/p>\n","protected":false},"excerpt":{"rendered":"<p>Garantidos por antecipa\u00e7\u00e3o nas quartas de final do Campeonato Paulista e com lideran\u00e7a dos respectivos grupos assegurada, Palmeiras e Corinthians se enfrentam nesta\u00a0quinta-feira (17), \u00e0s 20h30 (hor\u00e1rio de Bras\u00edlia), no Allianz Parque, em duelo atrasado da\u00a0sexta\u00a0rodada, de olho na melhor campanha da primeira fase. O Verd\u00e3o tem 26 pontos, seis a mais que o Tim\u00e3o, [&hellip;]<\/p>\n","protected":false},"author":246,"featured_media":196314,"comment_status":"closed","ping_status":"closed","sticky":false,"template":"","format":"standard","meta":{"footnotes":""},"categories":[436,257,439],"tags":[],"class_list":["post-196313","post","type-post","status-publish","format-standard","has-post-thumbnail","hentry","category-destaque-da-semana","category-esporte","category-ultima-hora"],"_links":{"self":[{"href":"https:\/\/diarioregionaldigital.com.br\/index.php?rest_route=\/wp\/v2\/posts\/196313","targetHints":{"allow":["GET"]}}],"collection":[{"href":"https:\/\/diarioregionaldigital.com.br\/index.php?rest_route=\/wp\/v2\/posts"}],"about":[{"href":"https:\/\/diarioregionaldigital.com.br\/index.php?rest_route=\/wp\/v2\/types\/post"}],"author":[{"embeddable":true,"href":"https:\/\/diarioregionaldigital.com.br\/index.php?rest_route=\/wp\/v2\/users\/246"}],"replies":[{"embeddable":true,"href":"https:\/\/diarioregionaldigital.com.br\/index.php?rest_route=%2Fwp%2Fv2%2Fcomments&post=196313"}],"version-history":[{"count":1,"href":"https:\/\/diarioregionaldigital.com.br\/index.php?rest_route=\/wp\/v2\/posts\/196313\/revisions"}],"predecessor-version":[{"id":196315,"href":"https:\/\/diarioregionaldigital.com.br\/index.php?rest_route=\/wp\/v2\/posts\/196313\/revisions\/196315"}],"wp:featuredmedia":[{"embeddable":true,"href":"https:\/\/diarioregionaldigital.com.br\/index.php?rest_route=\/wp\/v2\/media\/196314"}],"wp:attachment":[{"href":"https:\/\/diarioregionaldigital.com.br\/index.php?rest_route=%2Fwp%2Fv2%2Fmedia&parent=196313"}],"wp:term":[{"taxonomy":"category","embeddable":true,"href":"https:\/\/diarioregionaldigital.com.br\/index.php?rest_route=%2Fwp%2Fv2%2Fcategories&post=196313"},{"taxonomy":"post_tag","embeddable":true,"href":"https:\/\/diarioregionaldigital.com.br\/index.php?rest_route=%2Fwp%2Fv2%2Ftags&post=196313"}],"curies":[{"name":"wp","href":"https:\/\/api.w.org\/{rel}","templated":true}]}}