{"id":196307,"date":"2022-03-17T20:38:11","date_gmt":"2022-03-17T23:38:11","guid":{"rendered":"https:\/\/diarioregionaldigital.com.br\/?p=196307"},"modified":"2022-03-17T20:38:11","modified_gmt":"2022-03-17T23:38:11","slug":"brasil-estreia-nesta-sexta-no-1o-dia-do-mundial-de-atletismo-indoor","status":"publish","type":"post","link":"https:\/\/diarioregionaldigital.com.br\/?p=196307","title":{"rendered":"Brasil estreia nesta sexta no 1\u00ba dia do Mundial de Atletismo Indoor"},"content":{"rendered":"<p>O Brasil estreia nesta sexta-feira (18) no Mundial de Atletismo Indoor (pista coberta), em Belgrado (S\u00e9rvia). Adiado por duas vezes em raz\u00e3o da pandemia de covid-19 (edi\u00e7\u00f5es de 2020 e 2021) o campeonato volta a ocorrer neste fim de semana, com os melhores do mundo, entre eles 12 campe\u00f5es na Olimp\u00edada de T\u00f3quio no ano passado. \u00a0<img decoding=\"async\" src=\"https:\/\/agenciabrasil.ebc.com.br\/ebc.png?id=1449011&amp;o=node\" \/><img decoding=\"async\" src=\"https:\/\/agenciabrasil.ebc.com.br\/ebc.gif?id=1449011&amp;o=node\" \/><\/p>\n<p>A delega\u00e7\u00e3o verde e amarela conta com 17 representantes (11 homens e seis mulheres) e seis deles j\u00e1 competem a partir das 6h15 (hor\u00e1rio de Bras\u00edlia) desta sexta (18) no gin\u00e1sio Stark Arena (veja programa\u00e7\u00e3o abaixo). No Time Brasil est\u00e3o expoentes da modalidade como Thiago Braz, do salto com vara \u2013 bronze nos Jogos de T\u00f3quio e ouro na Rio 2016. \u00a0\u2013 e Darlan Romani, do arremesso de peso, medalha de ouro na Rio 2016 e quarto lugar na edi\u00e7\u00e3o de Doha (2019).<\/p>\n<p>O Mundial de Belgrado ocorrer\u00e1 at\u00e9 domingo (20), com\u00a0 a participa\u00e7\u00e3o de 680 atletas de 137 pa\u00edses (372 homens e 308 mulheres). Ouro em T\u00f3quio 2020 no salto com vara, o sueco Armand Duplantis ser\u00e1 um dos principais advers\u00e1rios de Thiago Braz na briga pelo p\u00f3dio. J\u00e1 Romani ter\u00e1 entre seus rivais o norte-americano Ryan Crouser, que quebrou tr\u00eas vezes seu pr\u00f3prio recorde ol\u00edmpico em T\u00f3quio, com incr\u00edveis 23,30m.<\/p>\n<p>Outros dez medalhista que brilharam nos \u00faltimos Jogos tamb\u00e9m competir\u00e3o em Belgrado: o noruegu\u00eas Jakob Ingebrigtsen (prova dos 1500 m), a venezuelana Yulimar Rojas (salto triplo), a et\u00edope Selemon Barega (3000m), o italiano Marcell Jacobs (100m rasos), \u00a0Shaunae Miller-Uibo, natural das Bahamas (400m feminino), a norte-americana Katie Nageotte (salto com vara), o luso-cubano Pedro Pichardo (salto triplo), o italiano Gianmarco Tamberi (salto em altura), o grego Miltiardis Tentoglou (salto em dist\u00e2ncia) e o canadense Damian Warner (decatlo).<\/p>\n<h2>Provas com\u00a0brasileiros nesta sexta (18)<\/h2>\n<p>6h15 &#8211; Ros\u00e2ngela Santos e Vit\u00f3ria Rosa, nas eliminat\u00f3rias dos 60 m<\/p>\n<p>6h40 &#8211; Lucas Carvalho nas eliminat\u00f3rias dos 400 m, \u00e0s 6:40<\/p>\n<p>8h10 &#8211; final do salto triplo masculino, com Alexsandro Melo;\u00a0final do arremesso do peso feminino, com L\u00edvia Avancini<\/p>\n<p>14:55 &#8211; final do salto em dist\u00e2ncia masculino, com Samory Uiki<\/p>\n<p>15:05 &#8211; semifinais e finais para classificados nas eliminat\u00f3rias dos 60 m feminino e 400 m masculino<\/p>\n<p>Fonte: Ag\u00eancia Brasil<\/p>\n","protected":false},"excerpt":{"rendered":"<p>O Brasil estreia nesta sexta-feira (18) no Mundial de Atletismo Indoor (pista coberta), em Belgrado (S\u00e9rvia). Adiado por duas vezes em raz\u00e3o da pandemia de covid-19 (edi\u00e7\u00f5es de 2020 e 2021) o campeonato volta a ocorrer neste fim de semana, com os melhores do mundo, entre eles 12 campe\u00f5es na Olimp\u00edada de T\u00f3quio no ano [&hellip;]<\/p>\n","protected":false},"author":246,"featured_media":196308,"comment_status":"closed","ping_status":"closed","sticky":false,"template":"","format":"standard","meta":{"footnotes":""},"categories":[436,257,439],"tags":[],"class_list":["post-196307","post","type-post","status-publish","format-standard","has-post-thumbnail","hentry","category-destaque-da-semana","category-esporte","category-ultima-hora"],"_links":{"self":[{"href":"https:\/\/diarioregionaldigital.com.br\/index.php?rest_route=\/wp\/v2\/posts\/196307","targetHints":{"allow":["GET"]}}],"collection":[{"href":"https:\/\/diarioregionaldigital.com.br\/index.php?rest_route=\/wp\/v2\/posts"}],"about":[{"href":"https:\/\/diarioregionaldigital.com.br\/index.php?rest_route=\/wp\/v2\/types\/post"}],"author":[{"embeddable":true,"href":"https:\/\/diarioregionaldigital.com.br\/index.php?rest_route=\/wp\/v2\/users\/246"}],"replies":[{"embeddable":true,"href":"https:\/\/diarioregionaldigital.com.br\/index.php?rest_route=%2Fwp%2Fv2%2Fcomments&post=196307"}],"version-history":[{"count":1,"href":"https:\/\/diarioregionaldigital.com.br\/index.php?rest_route=\/wp\/v2\/posts\/196307\/revisions"}],"predecessor-version":[{"id":196309,"href":"https:\/\/diarioregionaldigital.com.br\/index.php?rest_route=\/wp\/v2\/posts\/196307\/revisions\/196309"}],"wp:featuredmedia":[{"embeddable":true,"href":"https:\/\/diarioregionaldigital.com.br\/index.php?rest_route=\/wp\/v2\/media\/196308"}],"wp:attachment":[{"href":"https:\/\/diarioregionaldigital.com.br\/index.php?rest_route=%2Fwp%2Fv2%2Fmedia&parent=196307"}],"wp:term":[{"taxonomy":"category","embeddable":true,"href":"https:\/\/diarioregionaldigital.com.br\/index.php?rest_route=%2Fwp%2Fv2%2Fcategories&post=196307"},{"taxonomy":"post_tag","embeddable":true,"href":"https:\/\/diarioregionaldigital.com.br\/index.php?rest_route=%2Fwp%2Fv2%2Ftags&post=196307"}],"curies":[{"name":"wp","href":"https:\/\/api.w.org\/{rel}","templated":true}]}}