{"id":196302,"date":"2022-03-17T20:26:38","date_gmt":"2022-03-17T23:26:38","guid":{"rendered":"https:\/\/diarioregionaldigital.com.br\/?p=196302"},"modified":"2022-03-17T20:26:38","modified_gmt":"2022-03-17T23:26:38","slug":"escala-de-vencimentos-do-ipva-2022-comeca-na-segunda-feira-21-3","status":"publish","type":"post","link":"https:\/\/diarioregionaldigital.com.br\/?p=196302","title":{"rendered":"Escala de vencimentos do IPVA 2022 come\u00e7a na segunda-feira (21\/3)"},"content":{"rendered":"<p>A escala de vencimentos da primeira parcela ou cota \u00fanica do Imposto sobre a Propriedade de Ve\u00edculos Automotores (IPVA) de 2022 come\u00e7a na pr\u00f3xima segunda-feira (21\/3), com os finais de placa 1 e 2, e segue at\u00e9 a sexta-feira (25\/3), sempre com dois finais de placa por dia. O pagamento poder\u00e1 ser feito diretamente nos agentes arrecadadores (bancos credenciados e casas lot\u00e9ricas), bastando utilizar o n\u00famero do Renavam. Quem optar por quitar o imposto em cota \u00fanica ter\u00e1 desconto de 3%.<\/p>\n<p>Neste ano, pela primeira vez na hist\u00f3ria de Minas Gerais, a base de c\u00e1lculo do IPVA n\u00e3o sofreu reajuste em rela\u00e7\u00e3o a 2021. Outra novidade foi a prorroga\u00e7\u00e3o da data de vencimento, de janeiro para mar\u00e7o. Essas medidas foram adotadas pelo governador Romeu Zema para amenizar os reflexos econ\u00f4micos da pandemia de covid-19 sobre os contribuintes mineiros, pois, se fosse aplicado o reajuste pelo indicador padr\u00e3o, que \u00e9 a tabela Fipe, o aumento seria de 22,8%, em m\u00e9dia.<\/p>\n<p>Mesmo com o congelamento do valor do imposto, a expectativa de arrecada\u00e7\u00e3o \u00e9 de R$ 7,1 bilh\u00f5es, um acr\u00e9scimo de R$ 661,8 milh\u00f5es em rela\u00e7\u00e3o a 2021, devido ao aumento da frota tribut\u00e1vel, de 10.419.557 para 10.614.498 ve\u00edculos (diferen\u00e7a de 194.941). Importante ressaltar que, do total arrecadado, 40% v\u00e3o para o caixa \u00fanico do Estado, 40% s\u00e3o destinados aos munic\u00edpios onde os ve\u00edculos est\u00e3o emplacados e 20% v\u00e3o para o Fundo de Manuten\u00e7\u00e3o e Desenvolvimento da Educa\u00e7\u00e3o B\u00e1sica (Fundeb).<\/p>\n<p><strong>Consulta de valores e pagamento\u00a0<\/strong><\/p>\n<p>A consulta de valores do imposto pode ser feita utilizando o n\u00famero do Renavam, no site da\u00a0<a href=\"http:\/\/www.fazenda.mg.gov.br\/\" target=\"_blank\" rel=\"noopener noreferrer\" data-auth=\"NotApplicable\" data-linkindex=\"0\">Secretaria de Estado de Fazenda<\/a>\u00a0ou pelo telefone 155 do LigMinas para todo Estado de Minas Gerais.<\/p>\n<p>J\u00e1 o pagamento pode ser efetuado nos agentes arrecadadores autorizados (Bradesco, Sicoob, Mercantil do Brasil, Caixa Econ\u00f4mica Federal, casas lot\u00e9ricas, Mais BB, Banco Postal Brasileiro, Ita\u00fa e Santander), informando o Renavam nos guich\u00eas, terminais de autoatendimento ou internet\/aplicativos. Caso queira, o contribuinte pode emitir a guia de arrecada\u00e7\u00e3o no site da SEF\/MG.<\/p>\n<p>O n\u00e3o pagamento do imposto ou a quita\u00e7\u00e3o fora do prazo gera multa de 0,3% ao dia at\u00e9 30\u00ba dia, multa de 20% ap\u00f3s o 30\u00ba dia, al\u00e9m de juros calculados pela Taxa Referencial do Sistema Especial de Liquida\u00e7\u00e3o e de Cust\u00f3dia (Selic).<\/p>\n<p><strong>Alerta\u00a0<\/strong><\/p>\n<p>A Secretaria de Fazenda alerta os contribuintes que n\u00e3o envia boletos do IPVA por correspond\u00eancia nem por e-mail ou links por aplicativos de mensagem. Caso receba alguma comunica\u00e7\u00e3o desse tipo, deve descartar, pois trata-se de golpe.<\/p>\n<p><strong>Incentivo \u00e0 regularidade\u00a0<\/strong><\/p>\n<p>Neste ano, est\u00e1 mantido o desconto de 3% concedido pelo Programa de Incentivo \u00e0 Regularidade do Pagamento do IPVA &#8211; &#8220;Bom Pagador&#8221; para os contribuintes que quitaram em dia todos os d\u00e9bitos vinculados ao ve\u00edculo nos \u00faltimos dois anos (2021 e 2020).<\/p>\n<p>O benef\u00edcio \u00e9 concedido automaticamente. Portanto, o valor do IPVA 2022 cujo ve\u00edculo obedecer aos crit\u00e9rios estabelecidos j\u00e1 ser\u00e1 emitido com desconto, n\u00e3o sendo necess\u00e1rio contato pr\u00e9vio com a Secretaria de Fazenda.<\/p>\n<p>Para saber se o ve\u00edculo possui o desconto do \u201cBom Pagador\u201d,\u00a0<a href=\"http:\/\/ipva1.fazenda.mg.gov.br\/ipvaonline\/inputConsultaBomPagadorIpvaPorRenavam.action\" target=\"_blank\" rel=\"noopener noreferrer\" data-auth=\"NotApplicable\" data-linkindex=\"1\">clique aqui<\/a>.<\/p>\n<p><strong>Taxa de Licenciamento\u00a0<\/strong><\/p>\n<p>Os motoristas tamb\u00e9m devem ficar atentos \u00e0 data de vencimento da Taxa de Renova\u00e7\u00e3o do Licenciamento Anual do Ve\u00edculo (TRLAV), no valor de R$ 135,95. O tributo deve ser pago at\u00e9 o dia 31 de mar\u00e7o, independentemente da placa do ve\u00edculo.<\/p>\n<p>Assim como o IPVA, a TRLAV pode ser paga diretamente nos terminais de autoatendimento ou guich\u00eas dos agentes arrecadadores, informando o n\u00famero do Renavam. Tamb\u00e9m est\u00e1 dispon\u00edvel a emiss\u00e3o do Documento de Arrecada\u00e7\u00e3o pelo site da SEF.<\/p>\n<p>Fonte: Ag\u00eancia Minas<\/p>\n","protected":false},"excerpt":{"rendered":"<p>A escala de vencimentos da primeira parcela ou cota \u00fanica do Imposto sobre a Propriedade de Ve\u00edculos Automotores (IPVA) de 2022 come\u00e7a na pr\u00f3xima segunda-feira (21\/3), com os finais de placa 1 e 2, e segue at\u00e9 a sexta-feira (25\/3), sempre com dois finais de placa por dia. O pagamento poder\u00e1 ser feito diretamente nos [&hellip;]<\/p>\n","protected":false},"author":246,"featured_media":196299,"comment_status":"closed","ping_status":"closed","sticky":false,"template":"","format":"standard","meta":{"footnotes":""},"categories":[436,254,439],"tags":[],"class_list":["post-196302","post","type-post","status-publish","format-standard","has-post-thumbnail","hentry","category-destaque-da-semana","category-politica","category-ultima-hora"],"_links":{"self":[{"href":"https:\/\/diarioregionaldigital.com.br\/index.php?rest_route=\/wp\/v2\/posts\/196302","targetHints":{"allow":["GET"]}}],"collection":[{"href":"https:\/\/diarioregionaldigital.com.br\/index.php?rest_route=\/wp\/v2\/posts"}],"about":[{"href":"https:\/\/diarioregionaldigital.com.br\/index.php?rest_route=\/wp\/v2\/types\/post"}],"author":[{"embeddable":true,"href":"https:\/\/diarioregionaldigital.com.br\/index.php?rest_route=\/wp\/v2\/users\/246"}],"replies":[{"embeddable":true,"href":"https:\/\/diarioregionaldigital.com.br\/index.php?rest_route=%2Fwp%2Fv2%2Fcomments&post=196302"}],"version-history":[{"count":1,"href":"https:\/\/diarioregionaldigital.com.br\/index.php?rest_route=\/wp\/v2\/posts\/196302\/revisions"}],"predecessor-version":[{"id":196303,"href":"https:\/\/diarioregionaldigital.com.br\/index.php?rest_route=\/wp\/v2\/posts\/196302\/revisions\/196303"}],"wp:featuredmedia":[{"embeddable":true,"href":"https:\/\/diarioregionaldigital.com.br\/index.php?rest_route=\/wp\/v2\/media\/196299"}],"wp:attachment":[{"href":"https:\/\/diarioregionaldigital.com.br\/index.php?rest_route=%2Fwp%2Fv2%2Fmedia&parent=196302"}],"wp:term":[{"taxonomy":"category","embeddable":true,"href":"https:\/\/diarioregionaldigital.com.br\/index.php?rest_route=%2Fwp%2Fv2%2Fcategories&post=196302"},{"taxonomy":"post_tag","embeddable":true,"href":"https:\/\/diarioregionaldigital.com.br\/index.php?rest_route=%2Fwp%2Fv2%2Ftags&post=196302"}],"curies":[{"name":"wp","href":"https:\/\/api.w.org\/{rel}","templated":true}]}}